{"id":16821,"date":"2019-02-01T13:49:34","date_gmt":"2019-02-01T13:49:34","guid":{"rendered":"https:\/\/temp.kansleri.fi\/2019\/02\/01\/aeropole-danmark-far-en-mere-diamond\/"},"modified":"2019-02-01T13:56:05","modified_gmt":"2019-02-01T13:56:05","slug":"aeropole-danmark-far-en-mere-diamond","status":"publish","type":"post","link":"https:\/\/temp.kansleri.fi\/da\/aeropole-danmark-far-en-mere-diamond\/","title":{"rendered":"Aeropole Danmark f\u00e5r en mere Diamond!"},"content":{"rendered":"<p>Igen en ny fugl i en af vores reder &#8211; denne gang er det is\u00e6r Aeropole Danmark og Aalborg (EKYT), der ogs\u00e5 kan tilbyde den velkendte DA40-TDI \/ G1000 til udlejning samt et alsidigt VFR- og IFR-skoleprogram. Afhentning af OH-KAN er planlagt til midten af februar p\u00e5 Diamond fabrikken i Wiener Neustadt. Selv om flyet oprindeligt stammer fra 2008, er det i lige s\u00e5 god stand efter en meget grundig renovering p\u00e5 Diamond fabrikken, der kulminerer i frisk maling og leveret i Aeropole-farver. Motoren er en meget nylig Technify (a.k.a Thielert eller Centurion) 2,0 liter med kun 100 timer p\u00e5 den, propel er som ny, og flyet har ogs\u00e5 KAP140 autopilot. Det er un\u00f8dvendigt at sige, at vi nu er meget glade for at f\u00e5 vores hangar fuld af Diamonds,nu er der noget for enhver smag (DA20-C1, DA40-TDI, DA40NG, plus den bes\u00f8gende DA42-VI som er der efter behov).<\/p>\n<div id=\"attachment_16810\" style=\"width: 310px\" class=\"wp-caption alignnone\"><img decoding=\"async\" aria-describedby=\"caption-attachment-16810\" class=\"size-medium wp-image-16810\" src=\"http:\/\/temp.kansleri.fi\/wp-content\/uploads\/2019\/02\/WP_20190201_12_07_25_Pro-300x169.jpg\" alt=\"WP_20190201_12_07_25_Pro\" width=\"300\" height=\"169\" srcset=\"https:\/\/temp.kansleri.fi\/wp-content\/uploads\/2019\/02\/WP_20190201_12_07_25_Pro-300x169.jpg 300w, https:\/\/temp.kansleri.fi\/wp-content\/uploads\/2019\/02\/WP_20190201_12_07_25_Pro-1030x581.jpg 1030w, https:\/\/temp.kansleri.fi\/wp-content\/uploads\/2019\/02\/WP_20190201_12_07_25_Pro-768x433.jpg 768w, https:\/\/temp.kansleri.fi\/wp-content\/uploads\/2019\/02\/WP_20190201_12_07_25_Pro-1536x866.jpg 1536w, https:\/\/temp.kansleri.fi\/wp-content\/uploads\/2019\/02\/WP_20190201_12_07_25_Pro-2048x1155.jpg 2048w, https:\/\/temp.kansleri.fi\/wp-content\/uploads\/2019\/02\/WP_20190201_12_07_25_Pro-1500x846.jpg 1500w, https:\/\/temp.kansleri.fi\/wp-content\/uploads\/2019\/02\/WP_20190201_12_07_25_Pro-705x397.jpg 705w\" sizes=\"(max-width: 300px) 100vw, 300px\" \/><p id=\"caption-attachment-16810\" class=\"wp-caption-text\">OH-KAN p\u00e5 Diamond fabrikken.<\/p><\/div>\n","protected":false},"excerpt":{"rendered":"<p>Igen en ny fugl i en af vores reder &#8211; denne gang er det is\u00e6r Aeropole Danmark og Aalborg (EKYT), der ogs\u00e5 kan tilbyde den velkendte DA40-TDI \/ G1000 til udlejning samt et alsidigt VFR- og IFR-skoleprogram. Afhentning af OH-KAN er planlagt til midten af februar p\u00e5 Diamond fabrikken i Wiener Neustadt. Selv om flyet [&hellip;]<\/p>\n","protected":false},"author":3,"featured_media":0,"comment_status":"closed","ping_status":"closed","sticky":false,"template":"","format":"standard","meta":{"footnotes":""},"categories":[31],"tags":[],"class_list":["post-16821","post","type-post","status-publish","format-standard","hentry","category-nyt"],"yoast_head":"<!-- This site is optimized with the Yoast SEO plugin v27.1.1 - https:\/\/yoast.com\/product\/yoast-seo-wordpress\/ -->\n<title>Aeropole Danmark f\u00e5r en mere Diamond! - Aeropole<\/title>\n<meta name=\"robots\" content=\"index, follow, max-snippet:-1, max-image-preview:large, max-video-preview:-1\" \/>\n<link rel=\"canonical\" href=\"https:\/\/temp.kansleri.fi\/da\/aeropole-danmark-far-en-mere-diamond\/\" \/>\n<meta property=\"og:locale\" content=\"da_DK\" \/>\n<meta property=\"og:type\" content=\"article\" \/>\n<meta property=\"og:title\" content=\"Aeropole Danmark f\u00e5r en mere Diamond! - Aeropole\" \/>\n<meta property=\"og:description\" content=\"Igen en ny fugl i en af vores reder &#8211; denne gang er det is\u00e6r Aeropole Danmark og Aalborg (EKYT), der ogs\u00e5 kan tilbyde den velkendte DA40-TDI \/ G1000 til udlejning samt et alsidigt VFR- og IFR-skoleprogram. Afhentning af OH-KAN er planlagt til midten af februar p\u00e5 Diamond fabrikken i Wiener Neustadt. Selv om flyet [&hellip;]\" \/>\n<meta property=\"og:url\" content=\"https:\/\/temp.kansleri.fi\/da\/aeropole-danmark-far-en-mere-diamond\/\" \/>\n<meta property=\"og:site_name\" content=\"Aeropole\" \/>\n<meta property=\"article:published_time\" content=\"2019-02-01T13:49:34+00:00\" \/>\n<meta property=\"article:modified_time\" content=\"2019-02-01T13:56:05+00:00\" \/>\n<meta property=\"og:image\" content=\"http:\/\/temp.kansleri.fi\/wp-content\/uploads\/2019\/02\/WP_20190201_12_07_25_Pro-300x169.jpg\" \/>\n<meta name=\"author\" content=\"mikko\" \/>\n<meta name=\"twitter:card\" content=\"summary_large_image\" \/>\n<meta name=\"twitter:label1\" content=\"Skrevet af\" \/>\n\t<meta name=\"twitter:data1\" content=\"mikko\" \/>\n\t<meta name=\"twitter:label2\" content=\"Estimeret l\u00e6setid\" \/>\n\t<meta name=\"twitter:data2\" content=\"1 minut\" \/>\n<script type=\"application\/ld+json\" class=\"yoast-schema-graph\">{\"@context\":\"https:\/\/schema.org\",\"@graph\":[{\"@type\":\"Article\",\"@id\":\"https:\/\/temp.kansleri.fi\/da\/aeropole-danmark-far-en-mere-diamond\/#article\",\"isPartOf\":{\"@id\":\"https:\/\/temp.kansleri.fi\/da\/aeropole-danmark-far-en-mere-diamond\/\"},\"author\":{\"name\":\"mikko\",\"@id\":\"https:\/\/temp.kansleri.fi\/#\/schema\/person\/1f16a522aa0eb86c4049116200eb7140\"},\"headline\":\"Aeropole Danmark f\u00e5r en mere Diamond!\",\"datePublished\":\"2019-02-01T13:49:34+00:00\",\"dateModified\":\"2019-02-01T13:56:05+00:00\",\"mainEntityOfPage\":{\"@id\":\"https:\/\/temp.kansleri.fi\/da\/aeropole-danmark-far-en-mere-diamond\/\"},\"wordCount\":173,\"image\":{\"@id\":\"https:\/\/temp.kansleri.fi\/da\/aeropole-danmark-far-en-mere-diamond\/#primaryimage\"},\"thumbnailUrl\":\"http:\/\/temp.kansleri.fi\/wp-content\/uploads\/2019\/02\/WP_20190201_12_07_25_Pro-300x169.jpg\",\"articleSection\":[\"News Posts in Danish\"],\"inLanguage\":\"da-DK\"},{\"@type\":\"WebPage\",\"@id\":\"https:\/\/temp.kansleri.fi\/da\/aeropole-danmark-far-en-mere-diamond\/\",\"url\":\"https:\/\/temp.kansleri.fi\/da\/aeropole-danmark-far-en-mere-diamond\/\",\"name\":\"Aeropole Danmark f\u00e5r en mere Diamond! - Aeropole\",\"isPartOf\":{\"@id\":\"https:\/\/temp.kansleri.fi\/#website\"},\"primaryImageOfPage\":{\"@id\":\"https:\/\/temp.kansleri.fi\/da\/aeropole-danmark-far-en-mere-diamond\/#primaryimage\"},\"image\":{\"@id\":\"https:\/\/temp.kansleri.fi\/da\/aeropole-danmark-far-en-mere-diamond\/#primaryimage\"},\"thumbnailUrl\":\"http:\/\/temp.kansleri.fi\/wp-content\/uploads\/2019\/02\/WP_20190201_12_07_25_Pro-300x169.jpg\",\"datePublished\":\"2019-02-01T13:49:34+00:00\",\"dateModified\":\"2019-02-01T13:56:05+00:00\",\"author\":{\"@id\":\"https:\/\/temp.kansleri.fi\/#\/schema\/person\/1f16a522aa0eb86c4049116200eb7140\"},\"breadcrumb\":{\"@id\":\"https:\/\/temp.kansleri.fi\/da\/aeropole-danmark-far-en-mere-diamond\/#breadcrumb\"},\"inLanguage\":\"da-DK\",\"potentialAction\":[{\"@type\":\"ReadAction\",\"target\":[\"https:\/\/temp.kansleri.fi\/da\/aeropole-danmark-far-en-mere-diamond\/\"]}]},{\"@type\":\"ImageObject\",\"inLanguage\":\"da-DK\",\"@id\":\"https:\/\/temp.kansleri.fi\/da\/aeropole-danmark-far-en-mere-diamond\/#primaryimage\",\"url\":\"http:\/\/temp.kansleri.fi\/wp-content\/uploads\/2019\/02\/WP_20190201_12_07_25_Pro-300x169.jpg\",\"contentUrl\":\"http:\/\/temp.kansleri.fi\/wp-content\/uploads\/2019\/02\/WP_20190201_12_07_25_Pro-300x169.jpg\"},{\"@type\":\"BreadcrumbList\",\"@id\":\"https:\/\/temp.kansleri.fi\/da\/aeropole-danmark-far-en-mere-diamond\/#breadcrumb\",\"itemListElement\":[{\"@type\":\"ListItem\",\"position\":1,\"name\":\"Home\",\"item\":\"https:\/\/temp.kansleri.fi\/da\/\"},{\"@type\":\"ListItem\",\"position\":2,\"name\":\"Aeropole Danmark f\u00e5r en mere Diamond!\"}]},{\"@type\":\"WebSite\",\"@id\":\"https:\/\/temp.kansleri.fi\/#website\",\"url\":\"https:\/\/temp.kansleri.fi\/\",\"name\":\"Aeropole\",\"description\":\"Aviation Academy, Aircraft Sales and Maintenance\",\"potentialAction\":[{\"@type\":\"SearchAction\",\"target\":{\"@type\":\"EntryPoint\",\"urlTemplate\":\"https:\/\/temp.kansleri.fi\/?s={search_term_string}\"},\"query-input\":{\"@type\":\"PropertyValueSpecification\",\"valueRequired\":true,\"valueName\":\"search_term_string\"}}],\"inLanguage\":\"da-DK\"},{\"@type\":\"Person\",\"@id\":\"https:\/\/temp.kansleri.fi\/#\/schema\/person\/1f16a522aa0eb86c4049116200eb7140\",\"name\":\"mikko\",\"image\":{\"@type\":\"ImageObject\",\"inLanguage\":\"da-DK\",\"@id\":\"https:\/\/temp.kansleri.fi\/#\/schema\/person\/image\/\",\"url\":\"https:\/\/secure.gravatar.com\/avatar\/bf431881dd25820877ab55be8f041318512fb613978c932346f6fbdf9020c1d1?s=96&d=mm&r=g\",\"contentUrl\":\"https:\/\/secure.gravatar.com\/avatar\/bf431881dd25820877ab55be8f041318512fb613978c932346f6fbdf9020c1d1?s=96&d=mm&r=g\",\"caption\":\"mikko\"},\"url\":\"https:\/\/temp.kansleri.fi\/da\/author\/mikko\/\"}]}<\/script>\n<!-- \/ Yoast SEO plugin. -->","yoast_head_json":{"title":"Aeropole Danmark f\u00e5r en mere Diamond! - Aeropole","robots":{"index":"index","follow":"follow","max-snippet":"max-snippet:-1","max-image-preview":"max-image-preview:large","max-video-preview":"max-video-preview:-1"},"canonical":"https:\/\/temp.kansleri.fi\/da\/aeropole-danmark-far-en-mere-diamond\/","og_locale":"da_DK","og_type":"article","og_title":"Aeropole Danmark f\u00e5r en mere Diamond! - Aeropole","og_description":"Igen en ny fugl i en af vores reder &#8211; denne gang er det is\u00e6r Aeropole Danmark og Aalborg (EKYT), der ogs\u00e5 kan tilbyde den velkendte DA40-TDI \/ G1000 til udlejning samt et alsidigt VFR- og IFR-skoleprogram. Afhentning af OH-KAN er planlagt til midten af februar p\u00e5 Diamond fabrikken i Wiener Neustadt. Selv om flyet [&hellip;]","og_url":"https:\/\/temp.kansleri.fi\/da\/aeropole-danmark-far-en-mere-diamond\/","og_site_name":"Aeropole","article_published_time":"2019-02-01T13:49:34+00:00","article_modified_time":"2019-02-01T13:56:05+00:00","og_image":[{"url":"http:\/\/temp.kansleri.fi\/wp-content\/uploads\/2019\/02\/WP_20190201_12_07_25_Pro-300x169.jpg","type":"","width":"","height":""}],"author":"mikko","twitter_card":"summary_large_image","twitter_misc":{"Skrevet af":"mikko","Estimeret l\u00e6setid":"1 minut"},"schema":{"@context":"https:\/\/schema.org","@graph":[{"@type":"Article","@id":"https:\/\/temp.kansleri.fi\/da\/aeropole-danmark-far-en-mere-diamond\/#article","isPartOf":{"@id":"https:\/\/temp.kansleri.fi\/da\/aeropole-danmark-far-en-mere-diamond\/"},"author":{"name":"mikko","@id":"https:\/\/temp.kansleri.fi\/#\/schema\/person\/1f16a522aa0eb86c4049116200eb7140"},"headline":"Aeropole Danmark f\u00e5r en mere Diamond!","datePublished":"2019-02-01T13:49:34+00:00","dateModified":"2019-02-01T13:56:05+00:00","mainEntityOfPage":{"@id":"https:\/\/temp.kansleri.fi\/da\/aeropole-danmark-far-en-mere-diamond\/"},"wordCount":173,"image":{"@id":"https:\/\/temp.kansleri.fi\/da\/aeropole-danmark-far-en-mere-diamond\/#primaryimage"},"thumbnailUrl":"http:\/\/temp.kansleri.fi\/wp-content\/uploads\/2019\/02\/WP_20190201_12_07_25_Pro-300x169.jpg","articleSection":["News Posts in Danish"],"inLanguage":"da-DK"},{"@type":"WebPage","@id":"https:\/\/temp.kansleri.fi\/da\/aeropole-danmark-far-en-mere-diamond\/","url":"https:\/\/temp.kansleri.fi\/da\/aeropole-danmark-far-en-mere-diamond\/","name":"Aeropole Danmark f\u00e5r en mere Diamond! - Aeropole","isPartOf":{"@id":"https:\/\/temp.kansleri.fi\/#website"},"primaryImageOfPage":{"@id":"https:\/\/temp.kansleri.fi\/da\/aeropole-danmark-far-en-mere-diamond\/#primaryimage"},"image":{"@id":"https:\/\/temp.kansleri.fi\/da\/aeropole-danmark-far-en-mere-diamond\/#primaryimage"},"thumbnailUrl":"http:\/\/temp.kansleri.fi\/wp-content\/uploads\/2019\/02\/WP_20190201_12_07_25_Pro-300x169.jpg","datePublished":"2019-02-01T13:49:34+00:00","dateModified":"2019-02-01T13:56:05+00:00","author":{"@id":"https:\/\/temp.kansleri.fi\/#\/schema\/person\/1f16a522aa0eb86c4049116200eb7140"},"breadcrumb":{"@id":"https:\/\/temp.kansleri.fi\/da\/aeropole-danmark-far-en-mere-diamond\/#breadcrumb"},"inLanguage":"da-DK","potentialAction":[{"@type":"ReadAction","target":["https:\/\/temp.kansleri.fi\/da\/aeropole-danmark-far-en-mere-diamond\/"]}]},{"@type":"ImageObject","inLanguage":"da-DK","@id":"https:\/\/temp.kansleri.fi\/da\/aeropole-danmark-far-en-mere-diamond\/#primaryimage","url":"http:\/\/temp.kansleri.fi\/wp-content\/uploads\/2019\/02\/WP_20190201_12_07_25_Pro-300x169.jpg","contentUrl":"http:\/\/temp.kansleri.fi\/wp-content\/uploads\/2019\/02\/WP_20190201_12_07_25_Pro-300x169.jpg"},{"@type":"BreadcrumbList","@id":"https:\/\/temp.kansleri.fi\/da\/aeropole-danmark-far-en-mere-diamond\/#breadcrumb","itemListElement":[{"@type":"ListItem","position":1,"name":"Home","item":"https:\/\/temp.kansleri.fi\/da\/"},{"@type":"ListItem","position":2,"name":"Aeropole Danmark f\u00e5r en mere Diamond!"}]},{"@type":"WebSite","@id":"https:\/\/temp.kansleri.fi\/#website","url":"https:\/\/temp.kansleri.fi\/","name":"Aeropole","description":"Aviation Academy, Aircraft Sales and Maintenance","potentialAction":[{"@type":"SearchAction","target":{"@type":"EntryPoint","urlTemplate":"https:\/\/temp.kansleri.fi\/?s={search_term_string}"},"query-input":{"@type":"PropertyValueSpecification","valueRequired":true,"valueName":"search_term_string"}}],"inLanguage":"da-DK"},{"@type":"Person","@id":"https:\/\/temp.kansleri.fi\/#\/schema\/person\/1f16a522aa0eb86c4049116200eb7140","name":"mikko","image":{"@type":"ImageObject","inLanguage":"da-DK","@id":"https:\/\/temp.kansleri.fi\/#\/schema\/person\/image\/","url":"https:\/\/secure.gravatar.com\/avatar\/bf431881dd25820877ab55be8f041318512fb613978c932346f6fbdf9020c1d1?s=96&d=mm&r=g","contentUrl":"https:\/\/secure.gravatar.com\/avatar\/bf431881dd25820877ab55be8f041318512fb613978c932346f6fbdf9020c1d1?s=96&d=mm&r=g","caption":"mikko"},"url":"https:\/\/temp.kansleri.fi\/da\/author\/mikko\/"}]}},"_links":{"self":[{"href":"https:\/\/temp.kansleri.fi\/da\/wp-json\/wp\/v2\/posts\/16821","targetHints":{"allow":["GET"]}}],"collection":[{"href":"https:\/\/temp.kansleri.fi\/da\/wp-json\/wp\/v2\/posts"}],"about":[{"href":"https:\/\/temp.kansleri.fi\/da\/wp-json\/wp\/v2\/types\/post"}],"author":[{"embeddable":true,"href":"https:\/\/temp.kansleri.fi\/da\/wp-json\/wp\/v2\/users\/3"}],"replies":[{"embeddable":true,"href":"https:\/\/temp.kansleri.fi\/da\/wp-json\/wp\/v2\/comments?post=16821"}],"version-history":[{"count":3,"href":"https:\/\/temp.kansleri.fi\/da\/wp-json\/wp\/v2\/posts\/16821\/revisions"}],"predecessor-version":[{"id":16829,"href":"https:\/\/temp.kansleri.fi\/da\/wp-json\/wp\/v2\/posts\/16821\/revisions\/16829"}],"wp:attachment":[{"href":"https:\/\/temp.kansleri.fi\/da\/wp-json\/wp\/v2\/media?parent=16821"}],"wp:term":[{"taxonomy":"category","embeddable":true,"href":"https:\/\/temp.kansleri.fi\/da\/wp-json\/wp\/v2\/categories?post=16821"},{"taxonomy":"post_tag","embeddable":true,"href":"https:\/\/temp.kansleri.fi\/da\/wp-json\/wp\/v2\/tags?post=16821"}],"curies":[{"name":"wp","href":"https:\/\/api.w.org\/{rel}","templated":true}]}}