{"id":10164,"date":"2016-08-09T12:23:52","date_gmt":"2016-08-09T09:23:52","guid":{"rendered":"https:\/\/temp.kansleri.fi\/?p=10164#2016"},"modified":"2017-04-17T00:13:37","modified_gmt":"2017-04-17T00:13:37","slug":"malmi-80th-anniversary-airshow-lentonaytos","status":"publish","type":"post","link":"https:\/\/temp.kansleri.fi\/fi\/malmi-80th-anniversary-airshow-lentonaytos\/","title":{"rendered":"Malmi 80th Anniversary Airshow -lenton\u00e4yt\u00f6s"},"content":{"rendered":"<p>Malmi 80th Anniversary Airshow j\u00e4rjestet\u00e4\u00e4n viikolla 32, <strong>la\u2013su 13.\u201314.8.2016<\/strong>. <!--more--><\/p>\n<p>Olemme tapahtumassa mukana sek\u00e4 lauantaina ett\u00e4 sunnuntaina. Tapahtuman tarkemmat tiedot (p\u00e4\u00e4syliput, kulkuyhteydet, ohjelma jne.) voi k\u00e4yd\u00e4 tarkistamassa osoitteesta\u00a0<a href=\"http:\/\/www.malmiairshow.fi\">www.malmiairshow.fi<\/a><\/p>\n<p><strong>Tervetuloa!<\/strong><\/p>\n<h3>TILAP\u00c4ISI\u00c4 RAJOITUKSIA JA J\u00c4RJESTELYIT\u00c4<\/h3>\n<p>Tapahtuma aiheuttaa rajoituksia lentotoimintaan Helsinki-Malmin lentoasemalla ja sen l\u00e4hialueella\u00a0<span id=\"more-8567\"><\/span>to 11.8. ja su 14.8. v\u00e4lisen\u00e4 aikana.\u00a0Lis\u00e4tietoa p\u00e4iv\u00e4kohtaisista rajoituksista:<br \/>\n<a href=\"https:\/\/ais.fi\/ais\/aipsup\/Sup\/S2016\/EF_SUP_2016_067_en.pdf\">AIP SUP NR\u00a067 \/ 2016<\/a><br \/>\n<a href=\"https:\/\/ais.fi\/ais\/aipsup\/Sup\/S2016\/EF_SUP_2016_068_en.pdf\">AIP SUP NR\u00a068 \/ 2016<\/a><\/p>\n","protected":false},"excerpt":{"rendered":"<p>Malmi 80th Anniversary Airshow j\u00e4rjestet\u00e4\u00e4n viikolla 32, la\u2013su 13.\u201314.8.2016.<\/p>\n","protected":false},"author":1,"featured_media":0,"comment_status":"closed","ping_status":"closed","sticky":false,"template":"","format":"standard","meta":{"footnotes":""},"categories":[20],"tags":[],"class_list":["post-10164","post","type-post","status-publish","format-standard","hentry","category-uutiset"],"yoast_head":"<!-- This site is optimized with the Yoast SEO plugin v27.1.1 - https:\/\/yoast.com\/product\/yoast-seo-wordpress\/ -->\n<title>Malmi 80th Anniversary Airshow -lenton\u00e4yt\u00f6s - Aeropole<\/title>\n<meta name=\"robots\" content=\"index, follow, max-snippet:-1, max-image-preview:large, max-video-preview:-1\" \/>\n<link rel=\"canonical\" href=\"https:\/\/temp.kansleri.fi\/fi\/malmi-80th-anniversary-airshow-lentonaytos\/\" \/>\n<meta property=\"og:locale\" content=\"fi_FI\" \/>\n<meta property=\"og:type\" content=\"article\" \/>\n<meta property=\"og:title\" content=\"Malmi 80th Anniversary Airshow -lenton\u00e4yt\u00f6s - Aeropole\" \/>\n<meta property=\"og:description\" content=\"Malmi 80th Anniversary Airshow j\u00e4rjestet\u00e4\u00e4n viikolla 32, la\u2013su 13.\u201314.8.2016.\" \/>\n<meta property=\"og:url\" content=\"https:\/\/temp.kansleri.fi\/fi\/malmi-80th-anniversary-airshow-lentonaytos\/\" \/>\n<meta property=\"og:site_name\" content=\"Aeropole\" \/>\n<meta property=\"article:published_time\" content=\"2016-08-09T09:23:52+00:00\" \/>\n<meta property=\"article:modified_time\" content=\"2017-04-17T00:13:37+00:00\" \/>\n<meta name=\"author\" content=\"admin\" \/>\n<meta name=\"twitter:card\" content=\"summary_large_image\" \/>\n<meta name=\"twitter:label1\" content=\"Kirjoittanut\" \/>\n\t<meta name=\"twitter:data1\" content=\"admin\" \/>\n<script type=\"application\/ld+json\" class=\"yoast-schema-graph\">{\"@context\":\"https:\/\/schema.org\",\"@graph\":[{\"@type\":\"Article\",\"@id\":\"https:\/\/temp.kansleri.fi\/fi\/malmi-80th-anniversary-airshow-lentonaytos\/#article\",\"isPartOf\":{\"@id\":\"https:\/\/temp.kansleri.fi\/fi\/malmi-80th-anniversary-airshow-lentonaytos\/\"},\"author\":{\"name\":\"admin\",\"@id\":\"https:\/\/temp.kansleri.fi\/#\/schema\/person\/72faf126d17cfcc8c60c2e0faf999ac0\"},\"headline\":\"Malmi 80th Anniversary Airshow -lenton\u00e4yt\u00f6s\",\"datePublished\":\"2016-08-09T09:23:52+00:00\",\"dateModified\":\"2017-04-17T00:13:37+00:00\",\"mainEntityOfPage\":{\"@id\":\"https:\/\/temp.kansleri.fi\/fi\/malmi-80th-anniversary-airshow-lentonaytos\/\"},\"wordCount\":75,\"articleSection\":[\"Uutiset\"],\"inLanguage\":\"fi\"},{\"@type\":\"WebPage\",\"@id\":\"https:\/\/temp.kansleri.fi\/fi\/malmi-80th-anniversary-airshow-lentonaytos\/\",\"url\":\"https:\/\/temp.kansleri.fi\/fi\/malmi-80th-anniversary-airshow-lentonaytos\/\",\"name\":\"Malmi 80th Anniversary Airshow -lenton\u00e4yt\u00f6s - Aeropole\",\"isPartOf\":{\"@id\":\"https:\/\/temp.kansleri.fi\/#website\"},\"datePublished\":\"2016-08-09T09:23:52+00:00\",\"dateModified\":\"2017-04-17T00:13:37+00:00\",\"author\":{\"@id\":\"https:\/\/temp.kansleri.fi\/#\/schema\/person\/72faf126d17cfcc8c60c2e0faf999ac0\"},\"breadcrumb\":{\"@id\":\"https:\/\/temp.kansleri.fi\/fi\/malmi-80th-anniversary-airshow-lentonaytos\/#breadcrumb\"},\"inLanguage\":\"fi\",\"potentialAction\":[{\"@type\":\"ReadAction\",\"target\":[\"https:\/\/temp.kansleri.fi\/fi\/malmi-80th-anniversary-airshow-lentonaytos\/\"]}]},{\"@type\":\"BreadcrumbList\",\"@id\":\"https:\/\/temp.kansleri.fi\/fi\/malmi-80th-anniversary-airshow-lentonaytos\/#breadcrumb\",\"itemListElement\":[{\"@type\":\"ListItem\",\"position\":1,\"name\":\"Home\",\"item\":\"https:\/\/temp.kansleri.fi\/fi\/\"},{\"@type\":\"ListItem\",\"position\":2,\"name\":\"Malmi 80th Anniversary Airshow -lenton\u00e4yt\u00f6s\"}]},{\"@type\":\"WebSite\",\"@id\":\"https:\/\/temp.kansleri.fi\/#website\",\"url\":\"https:\/\/temp.kansleri.fi\/\",\"name\":\"Aeropole\",\"description\":\"Aviation Academy, Aircraft Sales and Maintenance\",\"potentialAction\":[{\"@type\":\"SearchAction\",\"target\":{\"@type\":\"EntryPoint\",\"urlTemplate\":\"https:\/\/temp.kansleri.fi\/?s={search_term_string}\"},\"query-input\":{\"@type\":\"PropertyValueSpecification\",\"valueRequired\":true,\"valueName\":\"search_term_string\"}}],\"inLanguage\":\"fi\"},{\"@type\":\"Person\",\"@id\":\"https:\/\/temp.kansleri.fi\/#\/schema\/person\/72faf126d17cfcc8c60c2e0faf999ac0\",\"name\":\"admin\",\"image\":{\"@type\":\"ImageObject\",\"inLanguage\":\"fi\",\"@id\":\"https:\/\/temp.kansleri.fi\/#\/schema\/person\/image\/\",\"url\":\"https:\/\/secure.gravatar.com\/avatar\/69913d593fe9337bd9fbeac2414da28c2e8a4d1cfecd2d9d0cc976858ff9b1c3?s=96&d=mm&r=g\",\"contentUrl\":\"https:\/\/secure.gravatar.com\/avatar\/69913d593fe9337bd9fbeac2414da28c2e8a4d1cfecd2d9d0cc976858ff9b1c3?s=96&d=mm&r=g\",\"caption\":\"admin\"},\"url\":\"https:\/\/temp.kansleri.fi\/fi\/author\/admin\/\"}]}<\/script>\n<!-- \/ Yoast SEO plugin. -->","yoast_head_json":{"title":"Malmi 80th Anniversary Airshow -lenton\u00e4yt\u00f6s - Aeropole","robots":{"index":"index","follow":"follow","max-snippet":"max-snippet:-1","max-image-preview":"max-image-preview:large","max-video-preview":"max-video-preview:-1"},"canonical":"https:\/\/temp.kansleri.fi\/fi\/malmi-80th-anniversary-airshow-lentonaytos\/","og_locale":"fi_FI","og_type":"article","og_title":"Malmi 80th Anniversary Airshow -lenton\u00e4yt\u00f6s - Aeropole","og_description":"Malmi 80th Anniversary Airshow j\u00e4rjestet\u00e4\u00e4n viikolla 32, la\u2013su 13.\u201314.8.2016.","og_url":"https:\/\/temp.kansleri.fi\/fi\/malmi-80th-anniversary-airshow-lentonaytos\/","og_site_name":"Aeropole","article_published_time":"2016-08-09T09:23:52+00:00","article_modified_time":"2017-04-17T00:13:37+00:00","author":"admin","twitter_card":"summary_large_image","twitter_misc":{"Kirjoittanut":"admin"},"schema":{"@context":"https:\/\/schema.org","@graph":[{"@type":"Article","@id":"https:\/\/temp.kansleri.fi\/fi\/malmi-80th-anniversary-airshow-lentonaytos\/#article","isPartOf":{"@id":"https:\/\/temp.kansleri.fi\/fi\/malmi-80th-anniversary-airshow-lentonaytos\/"},"author":{"name":"admin","@id":"https:\/\/temp.kansleri.fi\/#\/schema\/person\/72faf126d17cfcc8c60c2e0faf999ac0"},"headline":"Malmi 80th Anniversary Airshow -lenton\u00e4yt\u00f6s","datePublished":"2016-08-09T09:23:52+00:00","dateModified":"2017-04-17T00:13:37+00:00","mainEntityOfPage":{"@id":"https:\/\/temp.kansleri.fi\/fi\/malmi-80th-anniversary-airshow-lentonaytos\/"},"wordCount":75,"articleSection":["Uutiset"],"inLanguage":"fi"},{"@type":"WebPage","@id":"https:\/\/temp.kansleri.fi\/fi\/malmi-80th-anniversary-airshow-lentonaytos\/","url":"https:\/\/temp.kansleri.fi\/fi\/malmi-80th-anniversary-airshow-lentonaytos\/","name":"Malmi 80th Anniversary Airshow -lenton\u00e4yt\u00f6s - Aeropole","isPartOf":{"@id":"https:\/\/temp.kansleri.fi\/#website"},"datePublished":"2016-08-09T09:23:52+00:00","dateModified":"2017-04-17T00:13:37+00:00","author":{"@id":"https:\/\/temp.kansleri.fi\/#\/schema\/person\/72faf126d17cfcc8c60c2e0faf999ac0"},"breadcrumb":{"@id":"https:\/\/temp.kansleri.fi\/fi\/malmi-80th-anniversary-airshow-lentonaytos\/#breadcrumb"},"inLanguage":"fi","potentialAction":[{"@type":"ReadAction","target":["https:\/\/temp.kansleri.fi\/fi\/malmi-80th-anniversary-airshow-lentonaytos\/"]}]},{"@type":"BreadcrumbList","@id":"https:\/\/temp.kansleri.fi\/fi\/malmi-80th-anniversary-airshow-lentonaytos\/#breadcrumb","itemListElement":[{"@type":"ListItem","position":1,"name":"Home","item":"https:\/\/temp.kansleri.fi\/fi\/"},{"@type":"ListItem","position":2,"name":"Malmi 80th Anniversary Airshow -lenton\u00e4yt\u00f6s"}]},{"@type":"WebSite","@id":"https:\/\/temp.kansleri.fi\/#website","url":"https:\/\/temp.kansleri.fi\/","name":"Aeropole","description":"Aviation Academy, Aircraft Sales and Maintenance","potentialAction":[{"@type":"SearchAction","target":{"@type":"EntryPoint","urlTemplate":"https:\/\/temp.kansleri.fi\/?s={search_term_string}"},"query-input":{"@type":"PropertyValueSpecification","valueRequired":true,"valueName":"search_term_string"}}],"inLanguage":"fi"},{"@type":"Person","@id":"https:\/\/temp.kansleri.fi\/#\/schema\/person\/72faf126d17cfcc8c60c2e0faf999ac0","name":"admin","image":{"@type":"ImageObject","inLanguage":"fi","@id":"https:\/\/temp.kansleri.fi\/#\/schema\/person\/image\/","url":"https:\/\/secure.gravatar.com\/avatar\/69913d593fe9337bd9fbeac2414da28c2e8a4d1cfecd2d9d0cc976858ff9b1c3?s=96&d=mm&r=g","contentUrl":"https:\/\/secure.gravatar.com\/avatar\/69913d593fe9337bd9fbeac2414da28c2e8a4d1cfecd2d9d0cc976858ff9b1c3?s=96&d=mm&r=g","caption":"admin"},"url":"https:\/\/temp.kansleri.fi\/fi\/author\/admin\/"}]}},"_links":{"self":[{"href":"https:\/\/temp.kansleri.fi\/fi\/wp-json\/wp\/v2\/posts\/10164","targetHints":{"allow":["GET"]}}],"collection":[{"href":"https:\/\/temp.kansleri.fi\/fi\/wp-json\/wp\/v2\/posts"}],"about":[{"href":"https:\/\/temp.kansleri.fi\/fi\/wp-json\/wp\/v2\/types\/post"}],"author":[{"embeddable":true,"href":"https:\/\/temp.kansleri.fi\/fi\/wp-json\/wp\/v2\/users\/1"}],"replies":[{"embeddable":true,"href":"https:\/\/temp.kansleri.fi\/fi\/wp-json\/wp\/v2\/comments?post=10164"}],"version-history":[{"count":4,"href":"https:\/\/temp.kansleri.fi\/fi\/wp-json\/wp\/v2\/posts\/10164\/revisions"}],"predecessor-version":[{"id":11597,"href":"https:\/\/temp.kansleri.fi\/fi\/wp-json\/wp\/v2\/posts\/10164\/revisions\/11597"}],"wp:attachment":[{"href":"https:\/\/temp.kansleri.fi\/fi\/wp-json\/wp\/v2\/media?parent=10164"}],"wp:term":[{"taxonomy":"category","embeddable":true,"href":"https:\/\/temp.kansleri.fi\/fi\/wp-json\/wp\/v2\/categories?post=10164"},{"taxonomy":"post_tag","embeddable":true,"href":"https:\/\/temp.kansleri.fi\/fi\/wp-json\/wp\/v2\/tags?post=10164"}],"curies":[{"name":"wp","href":"https:\/\/api.w.org\/{rel}","templated":true}]}}