{"id":12330,"date":"2017-04-04T15:40:16","date_gmt":"2017-04-04T12:40:16","guid":{"rendered":"https:\/\/temp.kansleri.fi\/?p=10815#2017"},"modified":"2017-04-04T15:40:16","modified_gmt":"2017-04-04T12:40:16","slug":"operatiivinen-ir-teoriakurssi-2017","status":"publish","type":"post","link":"https:\/\/temp.kansleri.fi\/fi\/operatiivinen-ir-teoriakurssi-2017\/","title":{"rendered":"Operatiivinen IR-teoriakurssi"},"content":{"rendered":"<p>Aeropole j\u00e4rjest\u00e4\u00e4 teoriakoulutuksen IR:n k\u00e4yt\u00e4nn\u00f6n asioista 2.5.-4.5. Kurssi sis\u00e4lt\u00e4\u00e4 kolme iltaa\u00a0k\u00e4yt\u00e4nn\u00f6n mittarilent\u00e4misen oppia sek\u00e4 k\u00e4yt\u00e4nn\u00f6n radioliikennett\u00e4 mittarilentoja varten.<!--more--><\/p>\n<p>Operatiivinen IR-teoriakurssi pidet\u00e4\u00e4n <strong>2.5.\u20134.5. klo 16:00\u201320:00<\/strong> Aeropolen tiloissa Malmin lentoasemalla.<\/p>\n<p>Koulutuksessa k\u00e4yd\u00e4\u00e4n l\u00e4pi sellaisia mittarilent\u00e4miseen liittyvi\u00e4 asioita, jotka ovat operatiivisen lentotoiminnan kannalta oleellisia, mutta eiv\u00e4t varsinaisten IR\/ATPL-teorioiden aikana v\u00e4ltt\u00e4m\u00e4tt\u00e4 nouse esille (mm.\u00a0OFP:n k\u00e4ytt\u00f6, Part-NCO vs. OPS M1-5, M1-7, GPS-moodit, RAIM, ilmatilat, estevarat, lost comm procedures, holding, IAP:t, Jeppesenin lukeminen, approach brief, eri l\u00e4hestymiset, CDFA, SRA\/PAR, circling, SOP:t l\u00e4hestymisiss\u00e4).<\/p>\n<p>Kurssin hinta on 290 euroa (sis. ALV 24 %). Jos p\u00e4\u00e4t\u00e4t my\u00f6hemmin ottaa k\u00e4yt\u00e4nn\u00f6n IR-kurssin, v\u00e4hennet\u00e4\u00e4n n\u00e4iden teorioiden hinta kurssimaksusta.\u00a0Ilmoittautumiset pyydet\u00e4\u00e4n viimeist\u00e4\u00e4n 29.4.2017 menness\u00e4 s\u00e4hk\u00f6postitse osoitteeseen info at aeropole.fi.<\/p>\n<p>Tervetuloa!<\/p>\n","protected":false},"excerpt":{"rendered":"<p>Aeropole j\u00e4rjest\u00e4\u00e4 teoriakoulutuksen IR:n k\u00e4yt\u00e4nn\u00f6n asioista 2.5.-4.5. Kurssi sis\u00e4lt\u00e4\u00e4 kolme iltaa\u00a0k\u00e4yt\u00e4nn\u00f6n mittarilent\u00e4misen oppia sek\u00e4 k\u00e4yt\u00e4nn\u00f6n radioliikennett\u00e4 mittarilentoja varten.<\/p>\n","protected":false},"author":1,"featured_media":0,"comment_status":"closed","ping_status":"closed","sticky":false,"template":"","format":"standard","meta":{"footnotes":""},"categories":[20],"tags":[],"class_list":["post-12330","post","type-post","status-publish","format-standard","hentry","category-uutiset"],"yoast_head":"<!-- This site is optimized with the Yoast SEO plugin v27.1.1 - https:\/\/yoast.com\/product\/yoast-seo-wordpress\/ -->\n<title>Operatiivinen IR-teoriakurssi - Aeropole<\/title>\n<meta name=\"robots\" content=\"index, follow, max-snippet:-1, max-image-preview:large, max-video-preview:-1\" \/>\n<link rel=\"canonical\" href=\"https:\/\/temp.kansleri.fi\/fi\/operatiivinen-ir-teoriakurssi-2017\/\" \/>\n<meta property=\"og:locale\" content=\"fi_FI\" \/>\n<meta property=\"og:type\" content=\"article\" \/>\n<meta property=\"og:title\" content=\"Operatiivinen IR-teoriakurssi - Aeropole\" \/>\n<meta property=\"og:description\" content=\"Aeropole j\u00e4rjest\u00e4\u00e4 teoriakoulutuksen IR:n k\u00e4yt\u00e4nn\u00f6n asioista 2.5.-4.5. Kurssi sis\u00e4lt\u00e4\u00e4 kolme iltaa\u00a0k\u00e4yt\u00e4nn\u00f6n mittarilent\u00e4misen oppia sek\u00e4 k\u00e4yt\u00e4nn\u00f6n radioliikennett\u00e4 mittarilentoja varten.\" \/>\n<meta property=\"og:url\" content=\"https:\/\/temp.kansleri.fi\/fi\/operatiivinen-ir-teoriakurssi-2017\/\" \/>\n<meta property=\"og:site_name\" content=\"Aeropole\" \/>\n<meta property=\"article:published_time\" content=\"2017-04-04T12:40:16+00:00\" \/>\n<meta name=\"author\" content=\"admin\" \/>\n<meta name=\"twitter:card\" content=\"summary_large_image\" \/>\n<meta name=\"twitter:label1\" content=\"Kirjoittanut\" \/>\n\t<meta name=\"twitter:data1\" content=\"admin\" \/>\n\t<meta name=\"twitter:label2\" content=\"Arvioitu lukuaika\" \/>\n\t<meta name=\"twitter:data2\" content=\"1 minuutti\" \/>\n<script type=\"application\/ld+json\" class=\"yoast-schema-graph\">{\"@context\":\"https:\/\/schema.org\",\"@graph\":[{\"@type\":\"Article\",\"@id\":\"https:\/\/temp.kansleri.fi\/fi\/operatiivinen-ir-teoriakurssi-2017\/#article\",\"isPartOf\":{\"@id\":\"https:\/\/temp.kansleri.fi\/fi\/operatiivinen-ir-teoriakurssi-2017\/\"},\"author\":{\"name\":\"admin\",\"@id\":\"https:\/\/temp.kansleri.fi\/#\/schema\/person\/72faf126d17cfcc8c60c2e0faf999ac0\"},\"headline\":\"Operatiivinen IR-teoriakurssi\",\"datePublished\":\"2017-04-04T12:40:16+00:00\",\"mainEntityOfPage\":{\"@id\":\"https:\/\/temp.kansleri.fi\/fi\/operatiivinen-ir-teoriakurssi-2017\/\"},\"wordCount\":151,\"articleSection\":[\"Uutiset\"],\"inLanguage\":\"fi\"},{\"@type\":\"WebPage\",\"@id\":\"https:\/\/temp.kansleri.fi\/fi\/operatiivinen-ir-teoriakurssi-2017\/\",\"url\":\"https:\/\/temp.kansleri.fi\/fi\/operatiivinen-ir-teoriakurssi-2017\/\",\"name\":\"Operatiivinen IR-teoriakurssi - Aeropole\",\"isPartOf\":{\"@id\":\"https:\/\/temp.kansleri.fi\/#website\"},\"datePublished\":\"2017-04-04T12:40:16+00:00\",\"author\":{\"@id\":\"https:\/\/temp.kansleri.fi\/#\/schema\/person\/72faf126d17cfcc8c60c2e0faf999ac0\"},\"breadcrumb\":{\"@id\":\"https:\/\/temp.kansleri.fi\/fi\/operatiivinen-ir-teoriakurssi-2017\/#breadcrumb\"},\"inLanguage\":\"fi\",\"potentialAction\":[{\"@type\":\"ReadAction\",\"target\":[\"https:\/\/temp.kansleri.fi\/fi\/operatiivinen-ir-teoriakurssi-2017\/\"]}]},{\"@type\":\"BreadcrumbList\",\"@id\":\"https:\/\/temp.kansleri.fi\/fi\/operatiivinen-ir-teoriakurssi-2017\/#breadcrumb\",\"itemListElement\":[{\"@type\":\"ListItem\",\"position\":1,\"name\":\"Home\",\"item\":\"https:\/\/temp.kansleri.fi\/fi\/\"},{\"@type\":\"ListItem\",\"position\":2,\"name\":\"Operatiivinen IR-teoriakurssi\"}]},{\"@type\":\"WebSite\",\"@id\":\"https:\/\/temp.kansleri.fi\/#website\",\"url\":\"https:\/\/temp.kansleri.fi\/\",\"name\":\"Aeropole\",\"description\":\"Aviation Academy, Aircraft Sales and Maintenance\",\"potentialAction\":[{\"@type\":\"SearchAction\",\"target\":{\"@type\":\"EntryPoint\",\"urlTemplate\":\"https:\/\/temp.kansleri.fi\/?s={search_term_string}\"},\"query-input\":{\"@type\":\"PropertyValueSpecification\",\"valueRequired\":true,\"valueName\":\"search_term_string\"}}],\"inLanguage\":\"fi\"},{\"@type\":\"Person\",\"@id\":\"https:\/\/temp.kansleri.fi\/#\/schema\/person\/72faf126d17cfcc8c60c2e0faf999ac0\",\"name\":\"admin\",\"image\":{\"@type\":\"ImageObject\",\"inLanguage\":\"fi\",\"@id\":\"https:\/\/temp.kansleri.fi\/#\/schema\/person\/image\/\",\"url\":\"https:\/\/secure.gravatar.com\/avatar\/69913d593fe9337bd9fbeac2414da28c2e8a4d1cfecd2d9d0cc976858ff9b1c3?s=96&d=mm&r=g\",\"contentUrl\":\"https:\/\/secure.gravatar.com\/avatar\/69913d593fe9337bd9fbeac2414da28c2e8a4d1cfecd2d9d0cc976858ff9b1c3?s=96&d=mm&r=g\",\"caption\":\"admin\"},\"url\":\"https:\/\/temp.kansleri.fi\/fi\/author\/admin\/\"}]}<\/script>\n<!-- \/ Yoast SEO plugin. -->","yoast_head_json":{"title":"Operatiivinen IR-teoriakurssi - Aeropole","robots":{"index":"index","follow":"follow","max-snippet":"max-snippet:-1","max-image-preview":"max-image-preview:large","max-video-preview":"max-video-preview:-1"},"canonical":"https:\/\/temp.kansleri.fi\/fi\/operatiivinen-ir-teoriakurssi-2017\/","og_locale":"fi_FI","og_type":"article","og_title":"Operatiivinen IR-teoriakurssi - Aeropole","og_description":"Aeropole j\u00e4rjest\u00e4\u00e4 teoriakoulutuksen IR:n k\u00e4yt\u00e4nn\u00f6n asioista 2.5.-4.5. Kurssi sis\u00e4lt\u00e4\u00e4 kolme iltaa\u00a0k\u00e4yt\u00e4nn\u00f6n mittarilent\u00e4misen oppia sek\u00e4 k\u00e4yt\u00e4nn\u00f6n radioliikennett\u00e4 mittarilentoja varten.","og_url":"https:\/\/temp.kansleri.fi\/fi\/operatiivinen-ir-teoriakurssi-2017\/","og_site_name":"Aeropole","article_published_time":"2017-04-04T12:40:16+00:00","author":"admin","twitter_card":"summary_large_image","twitter_misc":{"Kirjoittanut":"admin","Arvioitu lukuaika":"1 minuutti"},"schema":{"@context":"https:\/\/schema.org","@graph":[{"@type":"Article","@id":"https:\/\/temp.kansleri.fi\/fi\/operatiivinen-ir-teoriakurssi-2017\/#article","isPartOf":{"@id":"https:\/\/temp.kansleri.fi\/fi\/operatiivinen-ir-teoriakurssi-2017\/"},"author":{"name":"admin","@id":"https:\/\/temp.kansleri.fi\/#\/schema\/person\/72faf126d17cfcc8c60c2e0faf999ac0"},"headline":"Operatiivinen IR-teoriakurssi","datePublished":"2017-04-04T12:40:16+00:00","mainEntityOfPage":{"@id":"https:\/\/temp.kansleri.fi\/fi\/operatiivinen-ir-teoriakurssi-2017\/"},"wordCount":151,"articleSection":["Uutiset"],"inLanguage":"fi"},{"@type":"WebPage","@id":"https:\/\/temp.kansleri.fi\/fi\/operatiivinen-ir-teoriakurssi-2017\/","url":"https:\/\/temp.kansleri.fi\/fi\/operatiivinen-ir-teoriakurssi-2017\/","name":"Operatiivinen IR-teoriakurssi - Aeropole","isPartOf":{"@id":"https:\/\/temp.kansleri.fi\/#website"},"datePublished":"2017-04-04T12:40:16+00:00","author":{"@id":"https:\/\/temp.kansleri.fi\/#\/schema\/person\/72faf126d17cfcc8c60c2e0faf999ac0"},"breadcrumb":{"@id":"https:\/\/temp.kansleri.fi\/fi\/operatiivinen-ir-teoriakurssi-2017\/#breadcrumb"},"inLanguage":"fi","potentialAction":[{"@type":"ReadAction","target":["https:\/\/temp.kansleri.fi\/fi\/operatiivinen-ir-teoriakurssi-2017\/"]}]},{"@type":"BreadcrumbList","@id":"https:\/\/temp.kansleri.fi\/fi\/operatiivinen-ir-teoriakurssi-2017\/#breadcrumb","itemListElement":[{"@type":"ListItem","position":1,"name":"Home","item":"https:\/\/temp.kansleri.fi\/fi\/"},{"@type":"ListItem","position":2,"name":"Operatiivinen IR-teoriakurssi"}]},{"@type":"WebSite","@id":"https:\/\/temp.kansleri.fi\/#website","url":"https:\/\/temp.kansleri.fi\/","name":"Aeropole","description":"Aviation Academy, Aircraft Sales and Maintenance","potentialAction":[{"@type":"SearchAction","target":{"@type":"EntryPoint","urlTemplate":"https:\/\/temp.kansleri.fi\/?s={search_term_string}"},"query-input":{"@type":"PropertyValueSpecification","valueRequired":true,"valueName":"search_term_string"}}],"inLanguage":"fi"},{"@type":"Person","@id":"https:\/\/temp.kansleri.fi\/#\/schema\/person\/72faf126d17cfcc8c60c2e0faf999ac0","name":"admin","image":{"@type":"ImageObject","inLanguage":"fi","@id":"https:\/\/temp.kansleri.fi\/#\/schema\/person\/image\/","url":"https:\/\/secure.gravatar.com\/avatar\/69913d593fe9337bd9fbeac2414da28c2e8a4d1cfecd2d9d0cc976858ff9b1c3?s=96&d=mm&r=g","contentUrl":"https:\/\/secure.gravatar.com\/avatar\/69913d593fe9337bd9fbeac2414da28c2e8a4d1cfecd2d9d0cc976858ff9b1c3?s=96&d=mm&r=g","caption":"admin"},"url":"https:\/\/temp.kansleri.fi\/fi\/author\/admin\/"}]}},"_links":{"self":[{"href":"https:\/\/temp.kansleri.fi\/fi\/wp-json\/wp\/v2\/posts\/12330","targetHints":{"allow":["GET"]}}],"collection":[{"href":"https:\/\/temp.kansleri.fi\/fi\/wp-json\/wp\/v2\/posts"}],"about":[{"href":"https:\/\/temp.kansleri.fi\/fi\/wp-json\/wp\/v2\/types\/post"}],"author":[{"embeddable":true,"href":"https:\/\/temp.kansleri.fi\/fi\/wp-json\/wp\/v2\/users\/1"}],"replies":[{"embeddable":true,"href":"https:\/\/temp.kansleri.fi\/fi\/wp-json\/wp\/v2\/comments?post=12330"}],"version-history":[{"count":1,"href":"https:\/\/temp.kansleri.fi\/fi\/wp-json\/wp\/v2\/posts\/12330\/revisions"}],"predecessor-version":[{"id":12341,"href":"https:\/\/temp.kansleri.fi\/fi\/wp-json\/wp\/v2\/posts\/12330\/revisions\/12341"}],"wp:attachment":[{"href":"https:\/\/temp.kansleri.fi\/fi\/wp-json\/wp\/v2\/media?parent=12330"}],"wp:term":[{"taxonomy":"category","embeddable":true,"href":"https:\/\/temp.kansleri.fi\/fi\/wp-json\/wp\/v2\/categories?post=12330"},{"taxonomy":"post_tag","embeddable":true,"href":"https:\/\/temp.kansleri.fi\/fi\/wp-json\/wp\/v2\/tags?post=12330"}],"curies":[{"name":"wp","href":"https:\/\/api.w.org\/{rel}","templated":true}]}}