{"id":14325,"date":"2017-07-24T16:50:07","date_gmt":"2017-07-24T16:50:07","guid":{"rendered":"https:\/\/temp.kansleri.fi\/?p=14325\/"},"modified":"2017-07-24T16:54:27","modified_gmt":"2017-07-24T16:54:27","slug":"vesilentoteoriat-to-27-7-2017-klo-9-18","status":"publish","type":"post","link":"https:\/\/temp.kansleri.fi\/fi\/vesilentoteoriat-to-27-7-2017-klo-9-18\/","title":{"rendered":"Vesilentoteoriat to 27.7.2017 klo 9-18"},"content":{"rendered":"<p>Yhteisty\u00f6kumppanimme Paradox Aviation j\u00e4rjest\u00e4\u00e4 vesilentokelpuutuksen SEP(SEA) vaadittavan vesilent\u00e4misen teoriakurssin 27.7.2017 klo 9-18. Koulutus on Helsingiss\u00e4. Teoriakurssin j\u00e4lkeen vesilentokelpuutuksen lennot ovat sovitavissa yksil\u00f6llisesti. Ilmoittautumiset Viki.Korjula@paradox.fi.<\/p>\n","protected":false},"excerpt":{"rendered":"<p>Yhteisty\u00f6kumppanimme Paradox Aviation j\u00e4rjest\u00e4\u00e4 vesilentokelpuutuksen SEP(SEA) vaadittavan vesilent\u00e4misen teoriakurssin 27.7.2017 klo 9-18. Koulutus on Helsingiss\u00e4. Teoriakurssin j\u00e4lkeen vesilentokelpuutuksen lennot ovat sovitavissa yksil\u00f6llisesti. Ilmoittautumiset Viki.Korjula@paradox.fi.<\/p>\n","protected":false},"author":2,"featured_media":13251,"comment_status":"closed","ping_status":"closed","sticky":false,"template":"","format":"standard","meta":{"footnotes":""},"categories":[20],"tags":[],"class_list":["post-14325","post","type-post","status-publish","format-standard","has-post-thumbnail","hentry","category-uutiset"],"yoast_head":"<!-- This site is optimized with the Yoast SEO plugin v27.1.1 - https:\/\/yoast.com\/product\/yoast-seo-wordpress\/ -->\n<title>Vesilentoteoriat to 27.7.2017 klo 9-18 - Aeropole<\/title>\n<meta name=\"robots\" content=\"index, follow, max-snippet:-1, max-image-preview:large, max-video-preview:-1\" \/>\n<link rel=\"canonical\" href=\"https:\/\/temp.kansleri.fi\/fi\/vesilentoteoriat-to-27-7-2017-klo-9-18\/\" \/>\n<meta property=\"og:locale\" content=\"fi_FI\" \/>\n<meta property=\"og:type\" content=\"article\" \/>\n<meta property=\"og:title\" content=\"Vesilentoteoriat to 27.7.2017 klo 9-18 - Aeropole\" \/>\n<meta property=\"og:description\" content=\"Yhteisty\u00f6kumppanimme Paradox Aviation j\u00e4rjest\u00e4\u00e4 vesilentokelpuutuksen SEP(SEA) vaadittavan vesilent\u00e4misen teoriakurssin 27.7.2017 klo 9-18. Koulutus on Helsingiss\u00e4. Teoriakurssin j\u00e4lkeen vesilentokelpuutuksen lennot ovat sovitavissa yksil\u00f6llisesti. Ilmoittautumiset Viki.Korjula@paradox.fi.\" \/>\n<meta property=\"og:url\" content=\"https:\/\/temp.kansleri.fi\/fi\/vesilentoteoriat-to-27-7-2017-klo-9-18\/\" \/>\n<meta property=\"og:site_name\" content=\"Aeropole\" \/>\n<meta property=\"article:published_time\" content=\"2017-07-24T16:50:07+00:00\" \/>\n<meta property=\"article:modified_time\" content=\"2017-07-24T16:54:27+00:00\" \/>\n<meta property=\"og:image\" content=\"https:\/\/temp.kansleri.fi\/wp-content\/uploads\/2016\/06\/PAX.jpeg\" \/>\n\t<meta property=\"og:image:width\" content=\"2560\" \/>\n\t<meta property=\"og:image:height\" content=\"1707\" \/>\n\t<meta property=\"og:image:type\" content=\"image\/jpeg\" \/>\n<meta name=\"author\" content=\"tuukka\" \/>\n<meta name=\"twitter:card\" content=\"summary_large_image\" \/>\n<meta name=\"twitter:label1\" content=\"Kirjoittanut\" \/>\n\t<meta name=\"twitter:data1\" content=\"tuukka\" \/>\n<script type=\"application\/ld+json\" class=\"yoast-schema-graph\">{\"@context\":\"https:\/\/schema.org\",\"@graph\":[{\"@type\":\"Article\",\"@id\":\"https:\/\/temp.kansleri.fi\/fi\/vesilentoteoriat-to-27-7-2017-klo-9-18\/#article\",\"isPartOf\":{\"@id\":\"https:\/\/temp.kansleri.fi\/fi\/vesilentoteoriat-to-27-7-2017-klo-9-18\/\"},\"author\":{\"name\":\"tuukka\",\"@id\":\"https:\/\/temp.kansleri.fi\/#\/schema\/person\/d1a014a4e50fca7546e7df232f12b2fb\"},\"headline\":\"Vesilentoteoriat to 27.7.2017 klo 9-18\",\"datePublished\":\"2017-07-24T16:50:07+00:00\",\"dateModified\":\"2017-07-24T16:54:27+00:00\",\"mainEntityOfPage\":{\"@id\":\"https:\/\/temp.kansleri.fi\/fi\/vesilentoteoriat-to-27-7-2017-klo-9-18\/\"},\"wordCount\":36,\"image\":{\"@id\":\"https:\/\/temp.kansleri.fi\/fi\/vesilentoteoriat-to-27-7-2017-klo-9-18\/#primaryimage\"},\"thumbnailUrl\":\"https:\/\/temp.kansleri.fi\/wp-content\/uploads\/2016\/06\/PAX.jpeg\",\"articleSection\":[\"Uutiset\"],\"inLanguage\":\"fi\"},{\"@type\":\"WebPage\",\"@id\":\"https:\/\/temp.kansleri.fi\/fi\/vesilentoteoriat-to-27-7-2017-klo-9-18\/\",\"url\":\"https:\/\/temp.kansleri.fi\/fi\/vesilentoteoriat-to-27-7-2017-klo-9-18\/\",\"name\":\"Vesilentoteoriat to 27.7.2017 klo 9-18 - Aeropole\",\"isPartOf\":{\"@id\":\"https:\/\/temp.kansleri.fi\/#website\"},\"primaryImageOfPage\":{\"@id\":\"https:\/\/temp.kansleri.fi\/fi\/vesilentoteoriat-to-27-7-2017-klo-9-18\/#primaryimage\"},\"image\":{\"@id\":\"https:\/\/temp.kansleri.fi\/fi\/vesilentoteoriat-to-27-7-2017-klo-9-18\/#primaryimage\"},\"thumbnailUrl\":\"https:\/\/temp.kansleri.fi\/wp-content\/uploads\/2016\/06\/PAX.jpeg\",\"datePublished\":\"2017-07-24T16:50:07+00:00\",\"dateModified\":\"2017-07-24T16:54:27+00:00\",\"author\":{\"@id\":\"https:\/\/temp.kansleri.fi\/#\/schema\/person\/d1a014a4e50fca7546e7df232f12b2fb\"},\"breadcrumb\":{\"@id\":\"https:\/\/temp.kansleri.fi\/fi\/vesilentoteoriat-to-27-7-2017-klo-9-18\/#breadcrumb\"},\"inLanguage\":\"fi\",\"potentialAction\":[{\"@type\":\"ReadAction\",\"target\":[\"https:\/\/temp.kansleri.fi\/fi\/vesilentoteoriat-to-27-7-2017-klo-9-18\/\"]}]},{\"@type\":\"ImageObject\",\"inLanguage\":\"fi\",\"@id\":\"https:\/\/temp.kansleri.fi\/fi\/vesilentoteoriat-to-27-7-2017-klo-9-18\/#primaryimage\",\"url\":\"https:\/\/temp.kansleri.fi\/wp-content\/uploads\/2016\/06\/PAX.jpeg\",\"contentUrl\":\"https:\/\/temp.kansleri.fi\/wp-content\/uploads\/2016\/06\/PAX.jpeg\",\"width\":2560,\"height\":1707},{\"@type\":\"BreadcrumbList\",\"@id\":\"https:\/\/temp.kansleri.fi\/fi\/vesilentoteoriat-to-27-7-2017-klo-9-18\/#breadcrumb\",\"itemListElement\":[{\"@type\":\"ListItem\",\"position\":1,\"name\":\"Home\",\"item\":\"https:\/\/temp.kansleri.fi\/fi\/\"},{\"@type\":\"ListItem\",\"position\":2,\"name\":\"Vesilentoteoriat to 27.7.2017 klo 9-18\"}]},{\"@type\":\"WebSite\",\"@id\":\"https:\/\/temp.kansleri.fi\/#website\",\"url\":\"https:\/\/temp.kansleri.fi\/\",\"name\":\"Aeropole\",\"description\":\"Aviation Academy, Aircraft Sales and Maintenance\",\"potentialAction\":[{\"@type\":\"SearchAction\",\"target\":{\"@type\":\"EntryPoint\",\"urlTemplate\":\"https:\/\/temp.kansleri.fi\/?s={search_term_string}\"},\"query-input\":{\"@type\":\"PropertyValueSpecification\",\"valueRequired\":true,\"valueName\":\"search_term_string\"}}],\"inLanguage\":\"fi\"},{\"@type\":\"Person\",\"@id\":\"https:\/\/temp.kansleri.fi\/#\/schema\/person\/d1a014a4e50fca7546e7df232f12b2fb\",\"name\":\"tuukka\",\"image\":{\"@type\":\"ImageObject\",\"inLanguage\":\"fi\",\"@id\":\"https:\/\/temp.kansleri.fi\/#\/schema\/person\/image\/\",\"url\":\"https:\/\/secure.gravatar.com\/avatar\/52b4a07d0f26485b420a030d2839c8653f22eb9012ac9c6f7233549f3f336e26?s=96&d=mm&r=g\",\"contentUrl\":\"https:\/\/secure.gravatar.com\/avatar\/52b4a07d0f26485b420a030d2839c8653f22eb9012ac9c6f7233549f3f336e26?s=96&d=mm&r=g\",\"caption\":\"tuukka\"},\"url\":\"https:\/\/temp.kansleri.fi\/fi\/author\/tuukka\/\"}]}<\/script>\n<!-- \/ Yoast SEO plugin. -->","yoast_head_json":{"title":"Vesilentoteoriat to 27.7.2017 klo 9-18 - Aeropole","robots":{"index":"index","follow":"follow","max-snippet":"max-snippet:-1","max-image-preview":"max-image-preview:large","max-video-preview":"max-video-preview:-1"},"canonical":"https:\/\/temp.kansleri.fi\/fi\/vesilentoteoriat-to-27-7-2017-klo-9-18\/","og_locale":"fi_FI","og_type":"article","og_title":"Vesilentoteoriat to 27.7.2017 klo 9-18 - Aeropole","og_description":"Yhteisty\u00f6kumppanimme Paradox Aviation j\u00e4rjest\u00e4\u00e4 vesilentokelpuutuksen SEP(SEA) vaadittavan vesilent\u00e4misen teoriakurssin 27.7.2017 klo 9-18. Koulutus on Helsingiss\u00e4. Teoriakurssin j\u00e4lkeen vesilentokelpuutuksen lennot ovat sovitavissa yksil\u00f6llisesti. Ilmoittautumiset Viki.Korjula@paradox.fi.","og_url":"https:\/\/temp.kansleri.fi\/fi\/vesilentoteoriat-to-27-7-2017-klo-9-18\/","og_site_name":"Aeropole","article_published_time":"2017-07-24T16:50:07+00:00","article_modified_time":"2017-07-24T16:54:27+00:00","og_image":[{"width":2560,"height":1707,"url":"https:\/\/temp.kansleri.fi\/wp-content\/uploads\/2016\/06\/PAX.jpeg","type":"image\/jpeg"}],"author":"tuukka","twitter_card":"summary_large_image","twitter_misc":{"Kirjoittanut":"tuukka"},"schema":{"@context":"https:\/\/schema.org","@graph":[{"@type":"Article","@id":"https:\/\/temp.kansleri.fi\/fi\/vesilentoteoriat-to-27-7-2017-klo-9-18\/#article","isPartOf":{"@id":"https:\/\/temp.kansleri.fi\/fi\/vesilentoteoriat-to-27-7-2017-klo-9-18\/"},"author":{"name":"tuukka","@id":"https:\/\/temp.kansleri.fi\/#\/schema\/person\/d1a014a4e50fca7546e7df232f12b2fb"},"headline":"Vesilentoteoriat to 27.7.2017 klo 9-18","datePublished":"2017-07-24T16:50:07+00:00","dateModified":"2017-07-24T16:54:27+00:00","mainEntityOfPage":{"@id":"https:\/\/temp.kansleri.fi\/fi\/vesilentoteoriat-to-27-7-2017-klo-9-18\/"},"wordCount":36,"image":{"@id":"https:\/\/temp.kansleri.fi\/fi\/vesilentoteoriat-to-27-7-2017-klo-9-18\/#primaryimage"},"thumbnailUrl":"https:\/\/temp.kansleri.fi\/wp-content\/uploads\/2016\/06\/PAX.jpeg","articleSection":["Uutiset"],"inLanguage":"fi"},{"@type":"WebPage","@id":"https:\/\/temp.kansleri.fi\/fi\/vesilentoteoriat-to-27-7-2017-klo-9-18\/","url":"https:\/\/temp.kansleri.fi\/fi\/vesilentoteoriat-to-27-7-2017-klo-9-18\/","name":"Vesilentoteoriat to 27.7.2017 klo 9-18 - Aeropole","isPartOf":{"@id":"https:\/\/temp.kansleri.fi\/#website"},"primaryImageOfPage":{"@id":"https:\/\/temp.kansleri.fi\/fi\/vesilentoteoriat-to-27-7-2017-klo-9-18\/#primaryimage"},"image":{"@id":"https:\/\/temp.kansleri.fi\/fi\/vesilentoteoriat-to-27-7-2017-klo-9-18\/#primaryimage"},"thumbnailUrl":"https:\/\/temp.kansleri.fi\/wp-content\/uploads\/2016\/06\/PAX.jpeg","datePublished":"2017-07-24T16:50:07+00:00","dateModified":"2017-07-24T16:54:27+00:00","author":{"@id":"https:\/\/temp.kansleri.fi\/#\/schema\/person\/d1a014a4e50fca7546e7df232f12b2fb"},"breadcrumb":{"@id":"https:\/\/temp.kansleri.fi\/fi\/vesilentoteoriat-to-27-7-2017-klo-9-18\/#breadcrumb"},"inLanguage":"fi","potentialAction":[{"@type":"ReadAction","target":["https:\/\/temp.kansleri.fi\/fi\/vesilentoteoriat-to-27-7-2017-klo-9-18\/"]}]},{"@type":"ImageObject","inLanguage":"fi","@id":"https:\/\/temp.kansleri.fi\/fi\/vesilentoteoriat-to-27-7-2017-klo-9-18\/#primaryimage","url":"https:\/\/temp.kansleri.fi\/wp-content\/uploads\/2016\/06\/PAX.jpeg","contentUrl":"https:\/\/temp.kansleri.fi\/wp-content\/uploads\/2016\/06\/PAX.jpeg","width":2560,"height":1707},{"@type":"BreadcrumbList","@id":"https:\/\/temp.kansleri.fi\/fi\/vesilentoteoriat-to-27-7-2017-klo-9-18\/#breadcrumb","itemListElement":[{"@type":"ListItem","position":1,"name":"Home","item":"https:\/\/temp.kansleri.fi\/fi\/"},{"@type":"ListItem","position":2,"name":"Vesilentoteoriat to 27.7.2017 klo 9-18"}]},{"@type":"WebSite","@id":"https:\/\/temp.kansleri.fi\/#website","url":"https:\/\/temp.kansleri.fi\/","name":"Aeropole","description":"Aviation Academy, Aircraft Sales and Maintenance","potentialAction":[{"@type":"SearchAction","target":{"@type":"EntryPoint","urlTemplate":"https:\/\/temp.kansleri.fi\/?s={search_term_string}"},"query-input":{"@type":"PropertyValueSpecification","valueRequired":true,"valueName":"search_term_string"}}],"inLanguage":"fi"},{"@type":"Person","@id":"https:\/\/temp.kansleri.fi\/#\/schema\/person\/d1a014a4e50fca7546e7df232f12b2fb","name":"tuukka","image":{"@type":"ImageObject","inLanguage":"fi","@id":"https:\/\/temp.kansleri.fi\/#\/schema\/person\/image\/","url":"https:\/\/secure.gravatar.com\/avatar\/52b4a07d0f26485b420a030d2839c8653f22eb9012ac9c6f7233549f3f336e26?s=96&d=mm&r=g","contentUrl":"https:\/\/secure.gravatar.com\/avatar\/52b4a07d0f26485b420a030d2839c8653f22eb9012ac9c6f7233549f3f336e26?s=96&d=mm&r=g","caption":"tuukka"},"url":"https:\/\/temp.kansleri.fi\/fi\/author\/tuukka\/"}]}},"_links":{"self":[{"href":"https:\/\/temp.kansleri.fi\/fi\/wp-json\/wp\/v2\/posts\/14325","targetHints":{"allow":["GET"]}}],"collection":[{"href":"https:\/\/temp.kansleri.fi\/fi\/wp-json\/wp\/v2\/posts"}],"about":[{"href":"https:\/\/temp.kansleri.fi\/fi\/wp-json\/wp\/v2\/types\/post"}],"author":[{"embeddable":true,"href":"https:\/\/temp.kansleri.fi\/fi\/wp-json\/wp\/v2\/users\/2"}],"replies":[{"embeddable":true,"href":"https:\/\/temp.kansleri.fi\/fi\/wp-json\/wp\/v2\/comments?post=14325"}],"version-history":[{"count":3,"href":"https:\/\/temp.kansleri.fi\/fi\/wp-json\/wp\/v2\/posts\/14325\/revisions"}],"predecessor-version":[{"id":14404,"href":"https:\/\/temp.kansleri.fi\/fi\/wp-json\/wp\/v2\/posts\/14325\/revisions\/14404"}],"wp:featuredmedia":[{"embeddable":true,"href":"https:\/\/temp.kansleri.fi\/fi\/wp-json\/wp\/v2\/media\/13251"}],"wp:attachment":[{"href":"https:\/\/temp.kansleri.fi\/fi\/wp-json\/wp\/v2\/media?parent=14325"}],"wp:term":[{"taxonomy":"category","embeddable":true,"href":"https:\/\/temp.kansleri.fi\/fi\/wp-json\/wp\/v2\/categories?post=14325"},{"taxonomy":"post_tag","embeddable":true,"href":"https:\/\/temp.kansleri.fi\/fi\/wp-json\/wp\/v2\/tags?post=14325"}],"curies":[{"name":"wp","href":"https:\/\/api.w.org\/{rel}","templated":true}]}}