{"id":15467,"date":"2018-05-26T04:12:28","date_gmt":"2018-05-26T04:12:28","guid":{"rendered":"https:\/\/temp.kansleri.fi\/?p=15467\/"},"modified":"2018-05-26T04:18:21","modified_gmt":"2018-05-26T04:18:21","slug":"muutoksia-hinnastossa-alkaen-15-6-2018","status":"publish","type":"post","link":"https:\/\/temp.kansleri.fi\/fi\/muutoksia-hinnastossa-alkaen-15-6-2018\/","title":{"rendered":"Muutoksia hinnastossa alkaen 15.6.2018"},"content":{"rendered":"<p>Johtuen voimakkaasta kysynn\u00e4st\u00e4 ja voidaksemme tarjota jatkossakin huipputason koulutus- ja asiakaspalvelua Helsingiss\u00e4 tarkistamme lentokoulutushintojamme 15.6.2018 alkaen. Uudet hinnat l\u00f6ytyv\u00e4t jo <a href=\"https:\/\/temp.kansleri.fi\/fi\/hinnasto\/\">hinnastostamme<\/a>. Ennen 15.6.2018 solmitut uudet asiakassopimukset toteutetaan vanhalla hinnalla, eli nyt on oivallinen hetki tarttua tuumasta toimeen ja aloittaa lentotunnit! \u00c4l\u00e4 ep\u00e4r\u00f6i, vaan <a href=\"https:\/\/temp.kansleri.fi\/fi\/yhteystiedot\/\">tee t\u00e4st\u00e4 kes\u00e4st\u00e4 lentokes\u00e4<\/a>!<\/p>\n","protected":false},"excerpt":{"rendered":"<p>Johtuen voimakkaasta kysynn\u00e4st\u00e4 ja voidaksemme tarjota jatkossakin huipputason koulutus- ja asiakaspalvelua Helsingiss\u00e4 tarkistamme lentokoulutushintojamme 15.6.2018 alkaen. Uudet hinnat l\u00f6ytyv\u00e4t jo hinnastostamme. Ennen 15.6.2018 solmitut uudet asiakassopimukset toteutetaan vanhalla hinnalla, eli nyt on oivallinen hetki tarttua tuumasta toimeen ja aloittaa lentotunnit! \u00c4l\u00e4 ep\u00e4r\u00f6i, vaan tee t\u00e4st\u00e4 kes\u00e4st\u00e4 lentokes\u00e4!<\/p>\n","protected":false},"author":2,"featured_media":0,"comment_status":"closed","ping_status":"closed","sticky":false,"template":"","format":"standard","meta":{"footnotes":""},"categories":[20],"tags":[],"class_list":["post-15467","post","type-post","status-publish","format-standard","hentry","category-uutiset"],"yoast_head":"<!-- This site is optimized with the Yoast SEO plugin v27.1.1 - https:\/\/yoast.com\/product\/yoast-seo-wordpress\/ -->\n<title>Muutoksia hinnastossa alkaen 15.6.2018 - Aeropole<\/title>\n<meta name=\"robots\" content=\"index, follow, max-snippet:-1, max-image-preview:large, max-video-preview:-1\" \/>\n<link rel=\"canonical\" href=\"https:\/\/temp.kansleri.fi\/fi\/muutoksia-hinnastossa-alkaen-15-6-2018\/\" \/>\n<meta property=\"og:locale\" content=\"fi_FI\" \/>\n<meta property=\"og:type\" content=\"article\" \/>\n<meta property=\"og:title\" content=\"Muutoksia hinnastossa alkaen 15.6.2018 - Aeropole\" \/>\n<meta property=\"og:description\" content=\"Johtuen voimakkaasta kysynn\u00e4st\u00e4 ja voidaksemme tarjota jatkossakin huipputason koulutus- ja asiakaspalvelua Helsingiss\u00e4 tarkistamme lentokoulutushintojamme 15.6.2018 alkaen. Uudet hinnat l\u00f6ytyv\u00e4t jo hinnastostamme. Ennen 15.6.2018 solmitut uudet asiakassopimukset toteutetaan vanhalla hinnalla, eli nyt on oivallinen hetki tarttua tuumasta toimeen ja aloittaa lentotunnit! \u00c4l\u00e4 ep\u00e4r\u00f6i, vaan tee t\u00e4st\u00e4 kes\u00e4st\u00e4 lentokes\u00e4!\" \/>\n<meta property=\"og:url\" content=\"https:\/\/temp.kansleri.fi\/fi\/muutoksia-hinnastossa-alkaen-15-6-2018\/\" \/>\n<meta property=\"og:site_name\" content=\"Aeropole\" \/>\n<meta property=\"article:published_time\" content=\"2018-05-26T04:12:28+00:00\" \/>\n<meta property=\"article:modified_time\" content=\"2018-05-26T04:18:21+00:00\" \/>\n<meta name=\"author\" content=\"tuukka\" \/>\n<meta name=\"twitter:card\" content=\"summary_large_image\" \/>\n<meta name=\"twitter:label1\" content=\"Kirjoittanut\" \/>\n\t<meta name=\"twitter:data1\" content=\"tuukka\" \/>\n<script type=\"application\/ld+json\" class=\"yoast-schema-graph\">{\"@context\":\"https:\/\/schema.org\",\"@graph\":[{\"@type\":\"Article\",\"@id\":\"https:\/\/temp.kansleri.fi\/fi\/muutoksia-hinnastossa-alkaen-15-6-2018\/#article\",\"isPartOf\":{\"@id\":\"https:\/\/temp.kansleri.fi\/fi\/muutoksia-hinnastossa-alkaen-15-6-2018\/\"},\"author\":{\"name\":\"tuukka\",\"@id\":\"https:\/\/temp.kansleri.fi\/#\/schema\/person\/d1a014a4e50fca7546e7df232f12b2fb\"},\"headline\":\"Muutoksia hinnastossa alkaen 15.6.2018\",\"datePublished\":\"2018-05-26T04:12:28+00:00\",\"dateModified\":\"2018-05-26T04:18:21+00:00\",\"mainEntityOfPage\":{\"@id\":\"https:\/\/temp.kansleri.fi\/fi\/muutoksia-hinnastossa-alkaen-15-6-2018\/\"},\"wordCount\":55,\"articleSection\":[\"Uutiset\"],\"inLanguage\":\"fi\"},{\"@type\":\"WebPage\",\"@id\":\"https:\/\/temp.kansleri.fi\/fi\/muutoksia-hinnastossa-alkaen-15-6-2018\/\",\"url\":\"https:\/\/temp.kansleri.fi\/fi\/muutoksia-hinnastossa-alkaen-15-6-2018\/\",\"name\":\"Muutoksia hinnastossa alkaen 15.6.2018 - Aeropole\",\"isPartOf\":{\"@id\":\"https:\/\/temp.kansleri.fi\/#website\"},\"datePublished\":\"2018-05-26T04:12:28+00:00\",\"dateModified\":\"2018-05-26T04:18:21+00:00\",\"author\":{\"@id\":\"https:\/\/temp.kansleri.fi\/#\/schema\/person\/d1a014a4e50fca7546e7df232f12b2fb\"},\"breadcrumb\":{\"@id\":\"https:\/\/temp.kansleri.fi\/fi\/muutoksia-hinnastossa-alkaen-15-6-2018\/#breadcrumb\"},\"inLanguage\":\"fi\",\"potentialAction\":[{\"@type\":\"ReadAction\",\"target\":[\"https:\/\/temp.kansleri.fi\/fi\/muutoksia-hinnastossa-alkaen-15-6-2018\/\"]}]},{\"@type\":\"BreadcrumbList\",\"@id\":\"https:\/\/temp.kansleri.fi\/fi\/muutoksia-hinnastossa-alkaen-15-6-2018\/#breadcrumb\",\"itemListElement\":[{\"@type\":\"ListItem\",\"position\":1,\"name\":\"Home\",\"item\":\"https:\/\/temp.kansleri.fi\/fi\/\"},{\"@type\":\"ListItem\",\"position\":2,\"name\":\"Muutoksia hinnastossa alkaen 15.6.2018\"}]},{\"@type\":\"WebSite\",\"@id\":\"https:\/\/temp.kansleri.fi\/#website\",\"url\":\"https:\/\/temp.kansleri.fi\/\",\"name\":\"Aeropole\",\"description\":\"Aviation Academy, Aircraft Sales and Maintenance\",\"potentialAction\":[{\"@type\":\"SearchAction\",\"target\":{\"@type\":\"EntryPoint\",\"urlTemplate\":\"https:\/\/temp.kansleri.fi\/?s={search_term_string}\"},\"query-input\":{\"@type\":\"PropertyValueSpecification\",\"valueRequired\":true,\"valueName\":\"search_term_string\"}}],\"inLanguage\":\"fi\"},{\"@type\":\"Person\",\"@id\":\"https:\/\/temp.kansleri.fi\/#\/schema\/person\/d1a014a4e50fca7546e7df232f12b2fb\",\"name\":\"tuukka\",\"image\":{\"@type\":\"ImageObject\",\"inLanguage\":\"fi\",\"@id\":\"https:\/\/temp.kansleri.fi\/#\/schema\/person\/image\/\",\"url\":\"https:\/\/secure.gravatar.com\/avatar\/52b4a07d0f26485b420a030d2839c8653f22eb9012ac9c6f7233549f3f336e26?s=96&d=mm&r=g\",\"contentUrl\":\"https:\/\/secure.gravatar.com\/avatar\/52b4a07d0f26485b420a030d2839c8653f22eb9012ac9c6f7233549f3f336e26?s=96&d=mm&r=g\",\"caption\":\"tuukka\"},\"url\":\"https:\/\/temp.kansleri.fi\/fi\/author\/tuukka\/\"}]}<\/script>\n<!-- \/ Yoast SEO plugin. -->","yoast_head_json":{"title":"Muutoksia hinnastossa alkaen 15.6.2018 - Aeropole","robots":{"index":"index","follow":"follow","max-snippet":"max-snippet:-1","max-image-preview":"max-image-preview:large","max-video-preview":"max-video-preview:-1"},"canonical":"https:\/\/temp.kansleri.fi\/fi\/muutoksia-hinnastossa-alkaen-15-6-2018\/","og_locale":"fi_FI","og_type":"article","og_title":"Muutoksia hinnastossa alkaen 15.6.2018 - Aeropole","og_description":"Johtuen voimakkaasta kysynn\u00e4st\u00e4 ja voidaksemme tarjota jatkossakin huipputason koulutus- ja asiakaspalvelua Helsingiss\u00e4 tarkistamme lentokoulutushintojamme 15.6.2018 alkaen. Uudet hinnat l\u00f6ytyv\u00e4t jo hinnastostamme. Ennen 15.6.2018 solmitut uudet asiakassopimukset toteutetaan vanhalla hinnalla, eli nyt on oivallinen hetki tarttua tuumasta toimeen ja aloittaa lentotunnit! \u00c4l\u00e4 ep\u00e4r\u00f6i, vaan tee t\u00e4st\u00e4 kes\u00e4st\u00e4 lentokes\u00e4!","og_url":"https:\/\/temp.kansleri.fi\/fi\/muutoksia-hinnastossa-alkaen-15-6-2018\/","og_site_name":"Aeropole","article_published_time":"2018-05-26T04:12:28+00:00","article_modified_time":"2018-05-26T04:18:21+00:00","author":"tuukka","twitter_card":"summary_large_image","twitter_misc":{"Kirjoittanut":"tuukka"},"schema":{"@context":"https:\/\/schema.org","@graph":[{"@type":"Article","@id":"https:\/\/temp.kansleri.fi\/fi\/muutoksia-hinnastossa-alkaen-15-6-2018\/#article","isPartOf":{"@id":"https:\/\/temp.kansleri.fi\/fi\/muutoksia-hinnastossa-alkaen-15-6-2018\/"},"author":{"name":"tuukka","@id":"https:\/\/temp.kansleri.fi\/#\/schema\/person\/d1a014a4e50fca7546e7df232f12b2fb"},"headline":"Muutoksia hinnastossa alkaen 15.6.2018","datePublished":"2018-05-26T04:12:28+00:00","dateModified":"2018-05-26T04:18:21+00:00","mainEntityOfPage":{"@id":"https:\/\/temp.kansleri.fi\/fi\/muutoksia-hinnastossa-alkaen-15-6-2018\/"},"wordCount":55,"articleSection":["Uutiset"],"inLanguage":"fi"},{"@type":"WebPage","@id":"https:\/\/temp.kansleri.fi\/fi\/muutoksia-hinnastossa-alkaen-15-6-2018\/","url":"https:\/\/temp.kansleri.fi\/fi\/muutoksia-hinnastossa-alkaen-15-6-2018\/","name":"Muutoksia hinnastossa alkaen 15.6.2018 - Aeropole","isPartOf":{"@id":"https:\/\/temp.kansleri.fi\/#website"},"datePublished":"2018-05-26T04:12:28+00:00","dateModified":"2018-05-26T04:18:21+00:00","author":{"@id":"https:\/\/temp.kansleri.fi\/#\/schema\/person\/d1a014a4e50fca7546e7df232f12b2fb"},"breadcrumb":{"@id":"https:\/\/temp.kansleri.fi\/fi\/muutoksia-hinnastossa-alkaen-15-6-2018\/#breadcrumb"},"inLanguage":"fi","potentialAction":[{"@type":"ReadAction","target":["https:\/\/temp.kansleri.fi\/fi\/muutoksia-hinnastossa-alkaen-15-6-2018\/"]}]},{"@type":"BreadcrumbList","@id":"https:\/\/temp.kansleri.fi\/fi\/muutoksia-hinnastossa-alkaen-15-6-2018\/#breadcrumb","itemListElement":[{"@type":"ListItem","position":1,"name":"Home","item":"https:\/\/temp.kansleri.fi\/fi\/"},{"@type":"ListItem","position":2,"name":"Muutoksia hinnastossa alkaen 15.6.2018"}]},{"@type":"WebSite","@id":"https:\/\/temp.kansleri.fi\/#website","url":"https:\/\/temp.kansleri.fi\/","name":"Aeropole","description":"Aviation Academy, Aircraft Sales and Maintenance","potentialAction":[{"@type":"SearchAction","target":{"@type":"EntryPoint","urlTemplate":"https:\/\/temp.kansleri.fi\/?s={search_term_string}"},"query-input":{"@type":"PropertyValueSpecification","valueRequired":true,"valueName":"search_term_string"}}],"inLanguage":"fi"},{"@type":"Person","@id":"https:\/\/temp.kansleri.fi\/#\/schema\/person\/d1a014a4e50fca7546e7df232f12b2fb","name":"tuukka","image":{"@type":"ImageObject","inLanguage":"fi","@id":"https:\/\/temp.kansleri.fi\/#\/schema\/person\/image\/","url":"https:\/\/secure.gravatar.com\/avatar\/52b4a07d0f26485b420a030d2839c8653f22eb9012ac9c6f7233549f3f336e26?s=96&d=mm&r=g","contentUrl":"https:\/\/secure.gravatar.com\/avatar\/52b4a07d0f26485b420a030d2839c8653f22eb9012ac9c6f7233549f3f336e26?s=96&d=mm&r=g","caption":"tuukka"},"url":"https:\/\/temp.kansleri.fi\/fi\/author\/tuukka\/"}]}},"_links":{"self":[{"href":"https:\/\/temp.kansleri.fi\/fi\/wp-json\/wp\/v2\/posts\/15467","targetHints":{"allow":["GET"]}}],"collection":[{"href":"https:\/\/temp.kansleri.fi\/fi\/wp-json\/wp\/v2\/posts"}],"about":[{"href":"https:\/\/temp.kansleri.fi\/fi\/wp-json\/wp\/v2\/types\/post"}],"author":[{"embeddable":true,"href":"https:\/\/temp.kansleri.fi\/fi\/wp-json\/wp\/v2\/users\/2"}],"replies":[{"embeddable":true,"href":"https:\/\/temp.kansleri.fi\/fi\/wp-json\/wp\/v2\/comments?post=15467"}],"version-history":[{"count":3,"href":"https:\/\/temp.kansleri.fi\/fi\/wp-json\/wp\/v2\/posts\/15467\/revisions"}],"predecessor-version":[{"id":15525,"href":"https:\/\/temp.kansleri.fi\/fi\/wp-json\/wp\/v2\/posts\/15467\/revisions\/15525"}],"wp:attachment":[{"href":"https:\/\/temp.kansleri.fi\/fi\/wp-json\/wp\/v2\/media?parent=15467"}],"wp:term":[{"taxonomy":"category","embeddable":true,"href":"https:\/\/temp.kansleri.fi\/fi\/wp-json\/wp\/v2\/categories?post=15467"},{"taxonomy":"post_tag","embeddable":true,"href":"https:\/\/temp.kansleri.fi\/fi\/wp-json\/wp\/v2\/tags?post=15467"}],"curies":[{"name":"wp","href":"https:\/\/api.w.org\/{rel}","templated":true}]}}