{"id":20285,"date":"2020-07-20T05:35:29","date_gmt":"2020-07-20T05:35:29","guid":{"rendered":"https:\/\/temp.kansleri.fi\/?p=20285"},"modified":"2020-07-20T05:35:29","modified_gmt":"2020-07-20T05:35:29","slug":"avoimet-ovet-tampere-pirkkalan-toimipisteessa-la-25-7-2020","status":"publish","type":"post","link":"https:\/\/temp.kansleri.fi\/fi\/avoimet-ovet-tampere-pirkkalan-toimipisteessa-la-25-7-2020\/","title":{"rendered":"Avoimet ovet Tampere-Pirkkalan toimipisteess\u00e4 la 25.7.2020"},"content":{"rendered":"<p>J\u00e4rjest\u00e4mme seuraavat avoimet ovet Tampere-Pirkkalan toimipisteess\u00e4 lauantaina 25.7.2020 klo 09.00-16.00. Paikalla tulee olemaan Aeropolen henkil\u00f6kuntaa ja nykyisi\u00e4 opiskelijoita, jotka vastaavat mielell\u00e4\u00e4n kysymyksiin lent\u00e4j\u00e4ksi kouluttautumisesta. Samaan aikaan kent\u00e4ll\u00e4 on paikalla my\u00f6s muita toimijoita, joten luvassa on mukava ja ilmailuhenkinen lauantaip\u00e4iv\u00e4! Ennakkoilmoittautumista ei tarvita.<\/p>\n<p>Toimitilamme sijaitsevat Terminaali 2:ssa. Sis\u00e4\u00e4nk\u00e4ynti l\u00f6ytyy terminaalin l\u00e4nsip\u00e4\u00e4dyst\u00e4 \u2013 seuraa opasteita!<\/p>\n<p>Lis\u00e4tietoja ja kysymykset: <a href=\"https:\/\/temp.kansleri.fi\/fi\/yhteystiedot\/\">Ota yhteytt\u00e4!<\/a><\/p>\n<p><em>Ps. Tulemme j\u00e4rjest\u00e4m\u00e4\u00e4n vastaavan tapahtuman my\u00f6s Helsinki-Malmin toimipisteess\u00e4mme elokuussa \u2013 stay tuned!<\/em><\/p>\n","protected":false},"excerpt":{"rendered":"<p>J\u00e4rjest\u00e4mme seuraavat avoimet ovet Tampere-Pirkkalan toimipisteess\u00e4 lauantaina 25.7.2020 klo 09.00-16.00. Paikalla tulee olemaan Aeropolen henkil\u00f6kuntaa ja nykyisi\u00e4 opiskelijoita, jotka vastaavat mielell\u00e4\u00e4n kysymyksiin lent\u00e4j\u00e4ksi kouluttautumisesta. Samaan aikaan kent\u00e4ll\u00e4 on paikalla my\u00f6s muita toimijoita, joten luvassa on mukava ja ilmailuhenkinen lauantaip\u00e4iv\u00e4! Ennakkoilmoittautumista ei tarvita. Toimitilamme sijaitsevat Terminaali 2:ssa. Sis\u00e4\u00e4nk\u00e4ynti l\u00f6ytyy terminaalin l\u00e4nsip\u00e4\u00e4dyst\u00e4 \u2013 seuraa opasteita! Lis\u00e4tietoja ja [&hellip;]<\/p>\n","protected":false},"author":6,"featured_media":0,"comment_status":"closed","ping_status":"closed","sticky":false,"template":"","format":"standard","meta":{"footnotes":""},"categories":[20],"tags":[],"class_list":["post-20285","post","type-post","status-publish","format-standard","hentry","category-uutiset"],"yoast_head":"<!-- This site is optimized with the Yoast SEO plugin v27.1.1 - https:\/\/yoast.com\/product\/yoast-seo-wordpress\/ -->\n<title>Avoimet ovet Tampere-Pirkkalan toimipisteess\u00e4 la 25.7.2020 - Aeropole<\/title>\n<meta name=\"robots\" content=\"index, follow, max-snippet:-1, max-image-preview:large, max-video-preview:-1\" \/>\n<link rel=\"canonical\" href=\"https:\/\/temp.kansleri.fi\/fi\/avoimet-ovet-tampere-pirkkalan-toimipisteessa-la-25-7-2020\/\" \/>\n<meta property=\"og:locale\" content=\"fi_FI\" \/>\n<meta property=\"og:type\" content=\"article\" \/>\n<meta property=\"og:title\" content=\"Avoimet ovet Tampere-Pirkkalan toimipisteess\u00e4 la 25.7.2020 - Aeropole\" \/>\n<meta property=\"og:description\" content=\"J\u00e4rjest\u00e4mme seuraavat avoimet ovet Tampere-Pirkkalan toimipisteess\u00e4 lauantaina 25.7.2020 klo 09.00-16.00. Paikalla tulee olemaan Aeropolen henkil\u00f6kuntaa ja nykyisi\u00e4 opiskelijoita, jotka vastaavat mielell\u00e4\u00e4n kysymyksiin lent\u00e4j\u00e4ksi kouluttautumisesta. Samaan aikaan kent\u00e4ll\u00e4 on paikalla my\u00f6s muita toimijoita, joten luvassa on mukava ja ilmailuhenkinen lauantaip\u00e4iv\u00e4! Ennakkoilmoittautumista ei tarvita. Toimitilamme sijaitsevat Terminaali 2:ssa. Sis\u00e4\u00e4nk\u00e4ynti l\u00f6ytyy terminaalin l\u00e4nsip\u00e4\u00e4dyst\u00e4 \u2013 seuraa opasteita! Lis\u00e4tietoja ja [&hellip;]\" \/>\n<meta property=\"og:url\" content=\"https:\/\/temp.kansleri.fi\/fi\/avoimet-ovet-tampere-pirkkalan-toimipisteessa-la-25-7-2020\/\" \/>\n<meta property=\"og:site_name\" content=\"Aeropole\" \/>\n<meta property=\"article:published_time\" content=\"2020-07-20T05:35:29+00:00\" \/>\n<meta name=\"author\" content=\"Olli Talso\" \/>\n<meta name=\"twitter:card\" content=\"summary_large_image\" \/>\n<meta name=\"twitter:label1\" content=\"Kirjoittanut\" \/>\n\t<meta name=\"twitter:data1\" content=\"Olli Talso\" \/>\n<script type=\"application\/ld+json\" class=\"yoast-schema-graph\">{\"@context\":\"https:\/\/schema.org\",\"@graph\":[{\"@type\":\"Article\",\"@id\":\"https:\/\/temp.kansleri.fi\/fi\/avoimet-ovet-tampere-pirkkalan-toimipisteessa-la-25-7-2020\/#article\",\"isPartOf\":{\"@id\":\"https:\/\/temp.kansleri.fi\/fi\/avoimet-ovet-tampere-pirkkalan-toimipisteessa-la-25-7-2020\/\"},\"author\":{\"name\":\"Olli Talso\",\"@id\":\"https:\/\/temp.kansleri.fi\/#\/schema\/person\/388fb5495a6f334f1a524f5520f1db8c\"},\"headline\":\"Avoimet ovet Tampere-Pirkkalan toimipisteess\u00e4 la 25.7.2020\",\"datePublished\":\"2020-07-20T05:35:29+00:00\",\"mainEntityOfPage\":{\"@id\":\"https:\/\/temp.kansleri.fi\/fi\/avoimet-ovet-tampere-pirkkalan-toimipisteessa-la-25-7-2020\/\"},\"wordCount\":92,\"articleSection\":[\"Uutiset\"],\"inLanguage\":\"fi\"},{\"@type\":\"WebPage\",\"@id\":\"https:\/\/temp.kansleri.fi\/fi\/avoimet-ovet-tampere-pirkkalan-toimipisteessa-la-25-7-2020\/\",\"url\":\"https:\/\/temp.kansleri.fi\/fi\/avoimet-ovet-tampere-pirkkalan-toimipisteessa-la-25-7-2020\/\",\"name\":\"Avoimet ovet Tampere-Pirkkalan toimipisteess\u00e4 la 25.7.2020 - Aeropole\",\"isPartOf\":{\"@id\":\"https:\/\/temp.kansleri.fi\/#website\"},\"datePublished\":\"2020-07-20T05:35:29+00:00\",\"author\":{\"@id\":\"https:\/\/temp.kansleri.fi\/#\/schema\/person\/388fb5495a6f334f1a524f5520f1db8c\"},\"breadcrumb\":{\"@id\":\"https:\/\/temp.kansleri.fi\/fi\/avoimet-ovet-tampere-pirkkalan-toimipisteessa-la-25-7-2020\/#breadcrumb\"},\"inLanguage\":\"fi\",\"potentialAction\":[{\"@type\":\"ReadAction\",\"target\":[\"https:\/\/temp.kansleri.fi\/fi\/avoimet-ovet-tampere-pirkkalan-toimipisteessa-la-25-7-2020\/\"]}]},{\"@type\":\"BreadcrumbList\",\"@id\":\"https:\/\/temp.kansleri.fi\/fi\/avoimet-ovet-tampere-pirkkalan-toimipisteessa-la-25-7-2020\/#breadcrumb\",\"itemListElement\":[{\"@type\":\"ListItem\",\"position\":1,\"name\":\"Home\",\"item\":\"https:\/\/temp.kansleri.fi\/fi\/\"},{\"@type\":\"ListItem\",\"position\":2,\"name\":\"Avoimet ovet Tampere-Pirkkalan toimipisteess\u00e4 la 25.7.2020\"}]},{\"@type\":\"WebSite\",\"@id\":\"https:\/\/temp.kansleri.fi\/#website\",\"url\":\"https:\/\/temp.kansleri.fi\/\",\"name\":\"Aeropole\",\"description\":\"Aviation Academy, Aircraft Sales and Maintenance\",\"potentialAction\":[{\"@type\":\"SearchAction\",\"target\":{\"@type\":\"EntryPoint\",\"urlTemplate\":\"https:\/\/temp.kansleri.fi\/?s={search_term_string}\"},\"query-input\":{\"@type\":\"PropertyValueSpecification\",\"valueRequired\":true,\"valueName\":\"search_term_string\"}}],\"inLanguage\":\"fi\"},{\"@type\":\"Person\",\"@id\":\"https:\/\/temp.kansleri.fi\/#\/schema\/person\/388fb5495a6f334f1a524f5520f1db8c\",\"name\":\"Olli Talso\",\"image\":{\"@type\":\"ImageObject\",\"inLanguage\":\"fi\",\"@id\":\"https:\/\/temp.kansleri.fi\/#\/schema\/person\/image\/\",\"url\":\"https:\/\/secure.gravatar.com\/avatar\/b7e5db569d7af2a28c4ac486510737e78b4bcc0a49c174966d77030927c0e8d9?s=96&d=mm&r=g\",\"contentUrl\":\"https:\/\/secure.gravatar.com\/avatar\/b7e5db569d7af2a28c4ac486510737e78b4bcc0a49c174966d77030927c0e8d9?s=96&d=mm&r=g\",\"caption\":\"Olli Talso\"},\"url\":\"https:\/\/temp.kansleri.fi\/fi\/author\/olli\/\"}]}<\/script>\n<!-- \/ Yoast SEO plugin. -->","yoast_head_json":{"title":"Avoimet ovet Tampere-Pirkkalan toimipisteess\u00e4 la 25.7.2020 - Aeropole","robots":{"index":"index","follow":"follow","max-snippet":"max-snippet:-1","max-image-preview":"max-image-preview:large","max-video-preview":"max-video-preview:-1"},"canonical":"https:\/\/temp.kansleri.fi\/fi\/avoimet-ovet-tampere-pirkkalan-toimipisteessa-la-25-7-2020\/","og_locale":"fi_FI","og_type":"article","og_title":"Avoimet ovet Tampere-Pirkkalan toimipisteess\u00e4 la 25.7.2020 - Aeropole","og_description":"J\u00e4rjest\u00e4mme seuraavat avoimet ovet Tampere-Pirkkalan toimipisteess\u00e4 lauantaina 25.7.2020 klo 09.00-16.00. Paikalla tulee olemaan Aeropolen henkil\u00f6kuntaa ja nykyisi\u00e4 opiskelijoita, jotka vastaavat mielell\u00e4\u00e4n kysymyksiin lent\u00e4j\u00e4ksi kouluttautumisesta. Samaan aikaan kent\u00e4ll\u00e4 on paikalla my\u00f6s muita toimijoita, joten luvassa on mukava ja ilmailuhenkinen lauantaip\u00e4iv\u00e4! Ennakkoilmoittautumista ei tarvita. Toimitilamme sijaitsevat Terminaali 2:ssa. Sis\u00e4\u00e4nk\u00e4ynti l\u00f6ytyy terminaalin l\u00e4nsip\u00e4\u00e4dyst\u00e4 \u2013 seuraa opasteita! Lis\u00e4tietoja ja [&hellip;]","og_url":"https:\/\/temp.kansleri.fi\/fi\/avoimet-ovet-tampere-pirkkalan-toimipisteessa-la-25-7-2020\/","og_site_name":"Aeropole","article_published_time":"2020-07-20T05:35:29+00:00","author":"Olli Talso","twitter_card":"summary_large_image","twitter_misc":{"Kirjoittanut":"Olli Talso"},"schema":{"@context":"https:\/\/schema.org","@graph":[{"@type":"Article","@id":"https:\/\/temp.kansleri.fi\/fi\/avoimet-ovet-tampere-pirkkalan-toimipisteessa-la-25-7-2020\/#article","isPartOf":{"@id":"https:\/\/temp.kansleri.fi\/fi\/avoimet-ovet-tampere-pirkkalan-toimipisteessa-la-25-7-2020\/"},"author":{"name":"Olli Talso","@id":"https:\/\/temp.kansleri.fi\/#\/schema\/person\/388fb5495a6f334f1a524f5520f1db8c"},"headline":"Avoimet ovet Tampere-Pirkkalan toimipisteess\u00e4 la 25.7.2020","datePublished":"2020-07-20T05:35:29+00:00","mainEntityOfPage":{"@id":"https:\/\/temp.kansleri.fi\/fi\/avoimet-ovet-tampere-pirkkalan-toimipisteessa-la-25-7-2020\/"},"wordCount":92,"articleSection":["Uutiset"],"inLanguage":"fi"},{"@type":"WebPage","@id":"https:\/\/temp.kansleri.fi\/fi\/avoimet-ovet-tampere-pirkkalan-toimipisteessa-la-25-7-2020\/","url":"https:\/\/temp.kansleri.fi\/fi\/avoimet-ovet-tampere-pirkkalan-toimipisteessa-la-25-7-2020\/","name":"Avoimet ovet Tampere-Pirkkalan toimipisteess\u00e4 la 25.7.2020 - Aeropole","isPartOf":{"@id":"https:\/\/temp.kansleri.fi\/#website"},"datePublished":"2020-07-20T05:35:29+00:00","author":{"@id":"https:\/\/temp.kansleri.fi\/#\/schema\/person\/388fb5495a6f334f1a524f5520f1db8c"},"breadcrumb":{"@id":"https:\/\/temp.kansleri.fi\/fi\/avoimet-ovet-tampere-pirkkalan-toimipisteessa-la-25-7-2020\/#breadcrumb"},"inLanguage":"fi","potentialAction":[{"@type":"ReadAction","target":["https:\/\/temp.kansleri.fi\/fi\/avoimet-ovet-tampere-pirkkalan-toimipisteessa-la-25-7-2020\/"]}]},{"@type":"BreadcrumbList","@id":"https:\/\/temp.kansleri.fi\/fi\/avoimet-ovet-tampere-pirkkalan-toimipisteessa-la-25-7-2020\/#breadcrumb","itemListElement":[{"@type":"ListItem","position":1,"name":"Home","item":"https:\/\/temp.kansleri.fi\/fi\/"},{"@type":"ListItem","position":2,"name":"Avoimet ovet Tampere-Pirkkalan toimipisteess\u00e4 la 25.7.2020"}]},{"@type":"WebSite","@id":"https:\/\/temp.kansleri.fi\/#website","url":"https:\/\/temp.kansleri.fi\/","name":"Aeropole","description":"Aviation Academy, Aircraft Sales and Maintenance","potentialAction":[{"@type":"SearchAction","target":{"@type":"EntryPoint","urlTemplate":"https:\/\/temp.kansleri.fi\/?s={search_term_string}"},"query-input":{"@type":"PropertyValueSpecification","valueRequired":true,"valueName":"search_term_string"}}],"inLanguage":"fi"},{"@type":"Person","@id":"https:\/\/temp.kansleri.fi\/#\/schema\/person\/388fb5495a6f334f1a524f5520f1db8c","name":"Olli Talso","image":{"@type":"ImageObject","inLanguage":"fi","@id":"https:\/\/temp.kansleri.fi\/#\/schema\/person\/image\/","url":"https:\/\/secure.gravatar.com\/avatar\/b7e5db569d7af2a28c4ac486510737e78b4bcc0a49c174966d77030927c0e8d9?s=96&d=mm&r=g","contentUrl":"https:\/\/secure.gravatar.com\/avatar\/b7e5db569d7af2a28c4ac486510737e78b4bcc0a49c174966d77030927c0e8d9?s=96&d=mm&r=g","caption":"Olli Talso"},"url":"https:\/\/temp.kansleri.fi\/fi\/author\/olli\/"}]}},"_links":{"self":[{"href":"https:\/\/temp.kansleri.fi\/fi\/wp-json\/wp\/v2\/posts\/20285","targetHints":{"allow":["GET"]}}],"collection":[{"href":"https:\/\/temp.kansleri.fi\/fi\/wp-json\/wp\/v2\/posts"}],"about":[{"href":"https:\/\/temp.kansleri.fi\/fi\/wp-json\/wp\/v2\/types\/post"}],"author":[{"embeddable":true,"href":"https:\/\/temp.kansleri.fi\/fi\/wp-json\/wp\/v2\/users\/6"}],"replies":[{"embeddable":true,"href":"https:\/\/temp.kansleri.fi\/fi\/wp-json\/wp\/v2\/comments?post=20285"}],"version-history":[{"count":2,"href":"https:\/\/temp.kansleri.fi\/fi\/wp-json\/wp\/v2\/posts\/20285\/revisions"}],"predecessor-version":[{"id":20305,"href":"https:\/\/temp.kansleri.fi\/fi\/wp-json\/wp\/v2\/posts\/20285\/revisions\/20305"}],"wp:attachment":[{"href":"https:\/\/temp.kansleri.fi\/fi\/wp-json\/wp\/v2\/media?parent=20285"}],"wp:term":[{"taxonomy":"category","embeddable":true,"href":"https:\/\/temp.kansleri.fi\/fi\/wp-json\/wp\/v2\/categories?post=20285"},{"taxonomy":"post_tag","embeddable":true,"href":"https:\/\/temp.kansleri.fi\/fi\/wp-json\/wp\/v2\/tags?post=20285"}],"curies":[{"name":"wp","href":"https:\/\/api.w.org\/{rel}","templated":true}]}}