{"id":20582,"date":"2020-09-15T08:26:35","date_gmt":"2020-09-15T08:26:35","guid":{"rendered":"https:\/\/temp.kansleri.fi\/?p=20582"},"modified":"2020-09-15T08:26:35","modified_gmt":"2020-09-15T08:26:35","slug":"lahiopetuksen-aikataulut-vuodelle-2021-julkaistu","status":"publish","type":"post","link":"https:\/\/temp.kansleri.fi\/fi\/lahiopetuksen-aikataulut-vuodelle-2021-julkaistu\/","title":{"rendered":"L\u00e4hiopetuksen aikataulut vuodelle 2021 julkaistu"},"content":{"rendered":"<p>Olemme julkaisseet ATPL\/CPL\/IR-l\u00e4hiopetuksen aikataulut vuodelle 2021. J\u00e4rjest\u00e4mme kahdeksan l\u00e4hiopetusjaksoa, jotta jokainen saa sovitettua opiskelun omaan kalenteriinsa! Voit k\u00e4yd\u00e4 katsomassa tulevan aikataulun <a href=\"https:\/\/temp.kansleri.fi\/fi\/atpl-ground-school-schedule\/\">t\u00e4\u00e4lt\u00e4<\/a> ja aloittaa seuraavan vuoden suunnittelun. Nyt on my\u00f6s erinomainen hetki aloittaa seuraavat ilmailuopinnot ja kehitt\u00e4\u00e4 omaa osaamista!<\/p>\n","protected":false},"excerpt":{"rendered":"<p>Olemme julkaisseet ATPL\/CPL\/IR-l\u00e4hiopetuksen aikataulut vuodelle 2021. J\u00e4rjest\u00e4mme kahdeksan l\u00e4hiopetusjaksoa, jotta jokainen saa sovitettua opiskelun omaan kalenteriinsa! Voit k\u00e4yd\u00e4 katsomassa tulevan aikataulun t\u00e4\u00e4lt\u00e4 ja aloittaa seuraavan vuoden suunnittelun. Nyt on my\u00f6s erinomainen hetki aloittaa seuraavat ilmailuopinnot ja kehitt\u00e4\u00e4 omaa osaamista!<\/p>\n","protected":false},"author":6,"featured_media":0,"comment_status":"closed","ping_status":"closed","sticky":false,"template":"","format":"standard","meta":{"footnotes":""},"categories":[20],"tags":[],"class_list":["post-20582","post","type-post","status-publish","format-standard","hentry","category-uutiset"],"yoast_head":"<!-- This site is optimized with the Yoast SEO plugin v27.1.1 - https:\/\/yoast.com\/product\/yoast-seo-wordpress\/ -->\n<title>L\u00e4hiopetuksen aikataulut vuodelle 2021 julkaistu - Aeropole<\/title>\n<meta name=\"robots\" content=\"index, follow, max-snippet:-1, max-image-preview:large, max-video-preview:-1\" \/>\n<link rel=\"canonical\" href=\"https:\/\/temp.kansleri.fi\/fi\/lahiopetuksen-aikataulut-vuodelle-2021-julkaistu\/\" \/>\n<meta property=\"og:locale\" content=\"fi_FI\" \/>\n<meta property=\"og:type\" content=\"article\" \/>\n<meta property=\"og:title\" content=\"L\u00e4hiopetuksen aikataulut vuodelle 2021 julkaistu - Aeropole\" \/>\n<meta property=\"og:description\" content=\"Olemme julkaisseet ATPL\/CPL\/IR-l\u00e4hiopetuksen aikataulut vuodelle 2021. J\u00e4rjest\u00e4mme kahdeksan l\u00e4hiopetusjaksoa, jotta jokainen saa sovitettua opiskelun omaan kalenteriinsa! Voit k\u00e4yd\u00e4 katsomassa tulevan aikataulun t\u00e4\u00e4lt\u00e4 ja aloittaa seuraavan vuoden suunnittelun. Nyt on my\u00f6s erinomainen hetki aloittaa seuraavat ilmailuopinnot ja kehitt\u00e4\u00e4 omaa osaamista!\" \/>\n<meta property=\"og:url\" content=\"https:\/\/temp.kansleri.fi\/fi\/lahiopetuksen-aikataulut-vuodelle-2021-julkaistu\/\" \/>\n<meta property=\"og:site_name\" content=\"Aeropole\" \/>\n<meta property=\"article:published_time\" content=\"2020-09-15T08:26:35+00:00\" \/>\n<meta name=\"author\" content=\"Olli Talso\" \/>\n<meta name=\"twitter:card\" content=\"summary_large_image\" \/>\n<meta name=\"twitter:label1\" content=\"Kirjoittanut\" \/>\n\t<meta name=\"twitter:data1\" content=\"Olli Talso\" \/>\n<script type=\"application\/ld+json\" class=\"yoast-schema-graph\">{\"@context\":\"https:\/\/schema.org\",\"@graph\":[{\"@type\":\"Article\",\"@id\":\"https:\/\/temp.kansleri.fi\/fi\/lahiopetuksen-aikataulut-vuodelle-2021-julkaistu\/#article\",\"isPartOf\":{\"@id\":\"https:\/\/temp.kansleri.fi\/fi\/lahiopetuksen-aikataulut-vuodelle-2021-julkaistu\/\"},\"author\":{\"name\":\"Olli Talso\",\"@id\":\"https:\/\/temp.kansleri.fi\/#\/schema\/person\/388fb5495a6f334f1a524f5520f1db8c\"},\"headline\":\"L\u00e4hiopetuksen aikataulut vuodelle 2021 julkaistu\",\"datePublished\":\"2020-09-15T08:26:35+00:00\",\"mainEntityOfPage\":{\"@id\":\"https:\/\/temp.kansleri.fi\/fi\/lahiopetuksen-aikataulut-vuodelle-2021-julkaistu\/\"},\"wordCount\":52,\"articleSection\":[\"Uutiset\"],\"inLanguage\":\"fi\"},{\"@type\":\"WebPage\",\"@id\":\"https:\/\/temp.kansleri.fi\/fi\/lahiopetuksen-aikataulut-vuodelle-2021-julkaistu\/\",\"url\":\"https:\/\/temp.kansleri.fi\/fi\/lahiopetuksen-aikataulut-vuodelle-2021-julkaistu\/\",\"name\":\"L\u00e4hiopetuksen aikataulut vuodelle 2021 julkaistu - Aeropole\",\"isPartOf\":{\"@id\":\"https:\/\/temp.kansleri.fi\/#website\"},\"datePublished\":\"2020-09-15T08:26:35+00:00\",\"author\":{\"@id\":\"https:\/\/temp.kansleri.fi\/#\/schema\/person\/388fb5495a6f334f1a524f5520f1db8c\"},\"breadcrumb\":{\"@id\":\"https:\/\/temp.kansleri.fi\/fi\/lahiopetuksen-aikataulut-vuodelle-2021-julkaistu\/#breadcrumb\"},\"inLanguage\":\"fi\",\"potentialAction\":[{\"@type\":\"ReadAction\",\"target\":[\"https:\/\/temp.kansleri.fi\/fi\/lahiopetuksen-aikataulut-vuodelle-2021-julkaistu\/\"]}]},{\"@type\":\"BreadcrumbList\",\"@id\":\"https:\/\/temp.kansleri.fi\/fi\/lahiopetuksen-aikataulut-vuodelle-2021-julkaistu\/#breadcrumb\",\"itemListElement\":[{\"@type\":\"ListItem\",\"position\":1,\"name\":\"Home\",\"item\":\"https:\/\/temp.kansleri.fi\/fi\/\"},{\"@type\":\"ListItem\",\"position\":2,\"name\":\"L\u00e4hiopetuksen aikataulut vuodelle 2021 julkaistu\"}]},{\"@type\":\"WebSite\",\"@id\":\"https:\/\/temp.kansleri.fi\/#website\",\"url\":\"https:\/\/temp.kansleri.fi\/\",\"name\":\"Aeropole\",\"description\":\"Aviation Academy, Aircraft Sales and Maintenance\",\"potentialAction\":[{\"@type\":\"SearchAction\",\"target\":{\"@type\":\"EntryPoint\",\"urlTemplate\":\"https:\/\/temp.kansleri.fi\/?s={search_term_string}\"},\"query-input\":{\"@type\":\"PropertyValueSpecification\",\"valueRequired\":true,\"valueName\":\"search_term_string\"}}],\"inLanguage\":\"fi\"},{\"@type\":\"Person\",\"@id\":\"https:\/\/temp.kansleri.fi\/#\/schema\/person\/388fb5495a6f334f1a524f5520f1db8c\",\"name\":\"Olli Talso\",\"image\":{\"@type\":\"ImageObject\",\"inLanguage\":\"fi\",\"@id\":\"https:\/\/temp.kansleri.fi\/#\/schema\/person\/image\/\",\"url\":\"https:\/\/secure.gravatar.com\/avatar\/b7e5db569d7af2a28c4ac486510737e78b4bcc0a49c174966d77030927c0e8d9?s=96&d=mm&r=g\",\"contentUrl\":\"https:\/\/secure.gravatar.com\/avatar\/b7e5db569d7af2a28c4ac486510737e78b4bcc0a49c174966d77030927c0e8d9?s=96&d=mm&r=g\",\"caption\":\"Olli Talso\"},\"url\":\"https:\/\/temp.kansleri.fi\/fi\/author\/olli\/\"}]}<\/script>\n<!-- \/ Yoast SEO plugin. -->","yoast_head_json":{"title":"L\u00e4hiopetuksen aikataulut vuodelle 2021 julkaistu - Aeropole","robots":{"index":"index","follow":"follow","max-snippet":"max-snippet:-1","max-image-preview":"max-image-preview:large","max-video-preview":"max-video-preview:-1"},"canonical":"https:\/\/temp.kansleri.fi\/fi\/lahiopetuksen-aikataulut-vuodelle-2021-julkaistu\/","og_locale":"fi_FI","og_type":"article","og_title":"L\u00e4hiopetuksen aikataulut vuodelle 2021 julkaistu - Aeropole","og_description":"Olemme julkaisseet ATPL\/CPL\/IR-l\u00e4hiopetuksen aikataulut vuodelle 2021. J\u00e4rjest\u00e4mme kahdeksan l\u00e4hiopetusjaksoa, jotta jokainen saa sovitettua opiskelun omaan kalenteriinsa! Voit k\u00e4yd\u00e4 katsomassa tulevan aikataulun t\u00e4\u00e4lt\u00e4 ja aloittaa seuraavan vuoden suunnittelun. Nyt on my\u00f6s erinomainen hetki aloittaa seuraavat ilmailuopinnot ja kehitt\u00e4\u00e4 omaa osaamista!","og_url":"https:\/\/temp.kansleri.fi\/fi\/lahiopetuksen-aikataulut-vuodelle-2021-julkaistu\/","og_site_name":"Aeropole","article_published_time":"2020-09-15T08:26:35+00:00","author":"Olli Talso","twitter_card":"summary_large_image","twitter_misc":{"Kirjoittanut":"Olli Talso"},"schema":{"@context":"https:\/\/schema.org","@graph":[{"@type":"Article","@id":"https:\/\/temp.kansleri.fi\/fi\/lahiopetuksen-aikataulut-vuodelle-2021-julkaistu\/#article","isPartOf":{"@id":"https:\/\/temp.kansleri.fi\/fi\/lahiopetuksen-aikataulut-vuodelle-2021-julkaistu\/"},"author":{"name":"Olli Talso","@id":"https:\/\/temp.kansleri.fi\/#\/schema\/person\/388fb5495a6f334f1a524f5520f1db8c"},"headline":"L\u00e4hiopetuksen aikataulut vuodelle 2021 julkaistu","datePublished":"2020-09-15T08:26:35+00:00","mainEntityOfPage":{"@id":"https:\/\/temp.kansleri.fi\/fi\/lahiopetuksen-aikataulut-vuodelle-2021-julkaistu\/"},"wordCount":52,"articleSection":["Uutiset"],"inLanguage":"fi"},{"@type":"WebPage","@id":"https:\/\/temp.kansleri.fi\/fi\/lahiopetuksen-aikataulut-vuodelle-2021-julkaistu\/","url":"https:\/\/temp.kansleri.fi\/fi\/lahiopetuksen-aikataulut-vuodelle-2021-julkaistu\/","name":"L\u00e4hiopetuksen aikataulut vuodelle 2021 julkaistu - Aeropole","isPartOf":{"@id":"https:\/\/temp.kansleri.fi\/#website"},"datePublished":"2020-09-15T08:26:35+00:00","author":{"@id":"https:\/\/temp.kansleri.fi\/#\/schema\/person\/388fb5495a6f334f1a524f5520f1db8c"},"breadcrumb":{"@id":"https:\/\/temp.kansleri.fi\/fi\/lahiopetuksen-aikataulut-vuodelle-2021-julkaistu\/#breadcrumb"},"inLanguage":"fi","potentialAction":[{"@type":"ReadAction","target":["https:\/\/temp.kansleri.fi\/fi\/lahiopetuksen-aikataulut-vuodelle-2021-julkaistu\/"]}]},{"@type":"BreadcrumbList","@id":"https:\/\/temp.kansleri.fi\/fi\/lahiopetuksen-aikataulut-vuodelle-2021-julkaistu\/#breadcrumb","itemListElement":[{"@type":"ListItem","position":1,"name":"Home","item":"https:\/\/temp.kansleri.fi\/fi\/"},{"@type":"ListItem","position":2,"name":"L\u00e4hiopetuksen aikataulut vuodelle 2021 julkaistu"}]},{"@type":"WebSite","@id":"https:\/\/temp.kansleri.fi\/#website","url":"https:\/\/temp.kansleri.fi\/","name":"Aeropole","description":"Aviation Academy, Aircraft Sales and Maintenance","potentialAction":[{"@type":"SearchAction","target":{"@type":"EntryPoint","urlTemplate":"https:\/\/temp.kansleri.fi\/?s={search_term_string}"},"query-input":{"@type":"PropertyValueSpecification","valueRequired":true,"valueName":"search_term_string"}}],"inLanguage":"fi"},{"@type":"Person","@id":"https:\/\/temp.kansleri.fi\/#\/schema\/person\/388fb5495a6f334f1a524f5520f1db8c","name":"Olli Talso","image":{"@type":"ImageObject","inLanguage":"fi","@id":"https:\/\/temp.kansleri.fi\/#\/schema\/person\/image\/","url":"https:\/\/secure.gravatar.com\/avatar\/b7e5db569d7af2a28c4ac486510737e78b4bcc0a49c174966d77030927c0e8d9?s=96&d=mm&r=g","contentUrl":"https:\/\/secure.gravatar.com\/avatar\/b7e5db569d7af2a28c4ac486510737e78b4bcc0a49c174966d77030927c0e8d9?s=96&d=mm&r=g","caption":"Olli Talso"},"url":"https:\/\/temp.kansleri.fi\/fi\/author\/olli\/"}]}},"_links":{"self":[{"href":"https:\/\/temp.kansleri.fi\/fi\/wp-json\/wp\/v2\/posts\/20582","targetHints":{"allow":["GET"]}}],"collection":[{"href":"https:\/\/temp.kansleri.fi\/fi\/wp-json\/wp\/v2\/posts"}],"about":[{"href":"https:\/\/temp.kansleri.fi\/fi\/wp-json\/wp\/v2\/types\/post"}],"author":[{"embeddable":true,"href":"https:\/\/temp.kansleri.fi\/fi\/wp-json\/wp\/v2\/users\/6"}],"replies":[{"embeddable":true,"href":"https:\/\/temp.kansleri.fi\/fi\/wp-json\/wp\/v2\/comments?post=20582"}],"version-history":[{"count":2,"href":"https:\/\/temp.kansleri.fi\/fi\/wp-json\/wp\/v2\/posts\/20582\/revisions"}],"predecessor-version":[{"id":20584,"href":"https:\/\/temp.kansleri.fi\/fi\/wp-json\/wp\/v2\/posts\/20582\/revisions\/20584"}],"wp:attachment":[{"href":"https:\/\/temp.kansleri.fi\/fi\/wp-json\/wp\/v2\/media?parent=20582"}],"wp:term":[{"taxonomy":"category","embeddable":true,"href":"https:\/\/temp.kansleri.fi\/fi\/wp-json\/wp\/v2\/categories?post=20582"},{"taxonomy":"post_tag","embeddable":true,"href":"https:\/\/temp.kansleri.fi\/fi\/wp-json\/wp\/v2\/tags?post=20582"}],"curies":[{"name":"wp","href":"https:\/\/api.w.org\/{rel}","templated":true}]}}