{"id":23915,"date":"2022-03-04T15:28:17","date_gmt":"2022-03-04T15:28:17","guid":{"rendered":"https:\/\/temp.kansleri.fi\/?p=23915"},"modified":"2022-03-04T15:29:58","modified_gmt":"2022-03-04T15:29:58","slug":"avoimet-ovet-tampere-pirkkalan-toimipisteessa-lauantaina-9-4-2022","status":"publish","type":"post","link":"https:\/\/temp.kansleri.fi\/fi\/avoimet-ovet-tampere-pirkkalan-toimipisteessa-lauantaina-9-4-2022\/","title":{"rendered":"Avoimet ovet Tampere-Pirkkalan toimipisteess\u00e4 lauantaina 9.4.2022"},"content":{"rendered":"<p>Aeropole j\u00e4rjest\u00e4\u00e4 avointen ovien tapahtuman Tampere-Pirkkalan koulutuskeskuksessa lauantaina 9.4.2022 kello 12.00\u201316.00. Tapahtumassa p\u00e4\u00e4set tutustumaan toimitiloihimme ja saat lis\u00e4tietoa lent\u00e4j\u00e4ksi kouluttautumisesta. Paikalla on henkil\u00f6kuntaa sek\u00e4 opiskelijoita, jotka kertovat mielell\u00e4\u00e4n omista kokemuksistaan ja vastaavat kysymyksiin. Toivotamme kaikki ammatti- tai harrasteilmailusta kiinnostuneet l\u00e4mpim\u00e4sti tervetulleiksi!<\/p>\n<p>Toimipisteemme sijaitsee kakkosterminaalissa, ja sis\u00e4\u00e4nk\u00e4ynti l\u00f6ytyy terminaalin l\u00e4nsipuolelta. Ennakkoilmoittautumista ei tarvita. Kannattaa k\u00e4yd\u00e4 tutustumassa tapahtuman <a href=\"https:\/\/fb.me\/e\/2br0nbQxf\">Facebook-sivuun<\/a>, jonne p\u00e4ivit\u00e4mme tarpeellisia lis\u00e4tietoja!<\/p>\n<p>Tervetuloa nauttimaan ilmailuhenkisest\u00e4 p\u00e4iv\u00e4st\u00e4 kanssamme!<\/p>\n","protected":false},"excerpt":{"rendered":"<p>Aeropole j\u00e4rjest\u00e4\u00e4 avointen ovien tapahtuman Tampere-Pirkkalan koulutuskeskuksessa lauantaina 9.4.2022 kello 12.00\u201316.00. Tapahtumassa p\u00e4\u00e4set tutustumaan toimitiloihimme ja saat lis\u00e4tietoa lent\u00e4j\u00e4ksi kouluttautumisesta. Paikalla on henkil\u00f6kuntaa sek\u00e4 opiskelijoita, jotka kertovat mielell\u00e4\u00e4n omista kokemuksistaan ja vastaavat kysymyksiin. Toivotamme kaikki ammatti- tai harrasteilmailusta kiinnostuneet l\u00e4mpim\u00e4sti tervetulleiksi! Toimipisteemme sijaitsee kakkosterminaalissa, ja sis\u00e4\u00e4nk\u00e4ynti l\u00f6ytyy terminaalin l\u00e4nsipuolelta. Ennakkoilmoittautumista ei tarvita. Kannattaa k\u00e4yd\u00e4 tutustumassa [&hellip;]<\/p>\n","protected":false},"author":6,"featured_media":0,"comment_status":"closed","ping_status":"closed","sticky":false,"template":"","format":"standard","meta":{"footnotes":""},"categories":[20],"tags":[],"class_list":["post-23915","post","type-post","status-publish","format-standard","hentry","category-uutiset"],"yoast_head":"<!-- This site is optimized with the Yoast SEO plugin v27.1.1 - https:\/\/yoast.com\/product\/yoast-seo-wordpress\/ -->\n<title>Avoimet ovet Tampere-Pirkkalan toimipisteess\u00e4 lauantaina 9.4.2022 - Aeropole<\/title>\n<meta name=\"robots\" content=\"index, follow, max-snippet:-1, max-image-preview:large, max-video-preview:-1\" \/>\n<link rel=\"canonical\" href=\"https:\/\/temp.kansleri.fi\/fi\/avoimet-ovet-tampere-pirkkalan-toimipisteessa-lauantaina-9-4-2022\/\" \/>\n<meta property=\"og:locale\" content=\"fi_FI\" \/>\n<meta property=\"og:type\" content=\"article\" \/>\n<meta property=\"og:title\" content=\"Avoimet ovet Tampere-Pirkkalan toimipisteess\u00e4 lauantaina 9.4.2022 - Aeropole\" \/>\n<meta property=\"og:description\" content=\"Aeropole j\u00e4rjest\u00e4\u00e4 avointen ovien tapahtuman Tampere-Pirkkalan koulutuskeskuksessa lauantaina 9.4.2022 kello 12.00\u201316.00. Tapahtumassa p\u00e4\u00e4set tutustumaan toimitiloihimme ja saat lis\u00e4tietoa lent\u00e4j\u00e4ksi kouluttautumisesta. Paikalla on henkil\u00f6kuntaa sek\u00e4 opiskelijoita, jotka kertovat mielell\u00e4\u00e4n omista kokemuksistaan ja vastaavat kysymyksiin. Toivotamme kaikki ammatti- tai harrasteilmailusta kiinnostuneet l\u00e4mpim\u00e4sti tervetulleiksi! Toimipisteemme sijaitsee kakkosterminaalissa, ja sis\u00e4\u00e4nk\u00e4ynti l\u00f6ytyy terminaalin l\u00e4nsipuolelta. Ennakkoilmoittautumista ei tarvita. Kannattaa k\u00e4yd\u00e4 tutustumassa [&hellip;]\" \/>\n<meta property=\"og:url\" content=\"https:\/\/temp.kansleri.fi\/fi\/avoimet-ovet-tampere-pirkkalan-toimipisteessa-lauantaina-9-4-2022\/\" \/>\n<meta property=\"og:site_name\" content=\"Aeropole\" \/>\n<meta property=\"article:published_time\" content=\"2022-03-04T15:28:17+00:00\" \/>\n<meta property=\"article:modified_time\" content=\"2022-03-04T15:29:58+00:00\" \/>\n<meta name=\"author\" content=\"Olli Talso\" \/>\n<meta name=\"twitter:card\" content=\"summary_large_image\" \/>\n<meta name=\"twitter:label1\" content=\"Kirjoittanut\" \/>\n\t<meta name=\"twitter:data1\" content=\"Olli Talso\" \/>\n<script type=\"application\/ld+json\" class=\"yoast-schema-graph\">{\"@context\":\"https:\/\/schema.org\",\"@graph\":[{\"@type\":\"Article\",\"@id\":\"https:\/\/temp.kansleri.fi\/fi\/avoimet-ovet-tampere-pirkkalan-toimipisteessa-lauantaina-9-4-2022\/#article\",\"isPartOf\":{\"@id\":\"https:\/\/temp.kansleri.fi\/fi\/avoimet-ovet-tampere-pirkkalan-toimipisteessa-lauantaina-9-4-2022\/\"},\"author\":{\"name\":\"Olli Talso\",\"@id\":\"https:\/\/temp.kansleri.fi\/#\/schema\/person\/388fb5495a6f334f1a524f5520f1db8c\"},\"headline\":\"Avoimet ovet Tampere-Pirkkalan toimipisteess\u00e4 lauantaina 9.4.2022\",\"datePublished\":\"2022-03-04T15:28:17+00:00\",\"dateModified\":\"2022-03-04T15:29:58+00:00\",\"mainEntityOfPage\":{\"@id\":\"https:\/\/temp.kansleri.fi\/fi\/avoimet-ovet-tampere-pirkkalan-toimipisteessa-lauantaina-9-4-2022\/\"},\"wordCount\":88,\"articleSection\":[\"Uutiset\"],\"inLanguage\":\"fi\"},{\"@type\":\"WebPage\",\"@id\":\"https:\/\/temp.kansleri.fi\/fi\/avoimet-ovet-tampere-pirkkalan-toimipisteessa-lauantaina-9-4-2022\/\",\"url\":\"https:\/\/temp.kansleri.fi\/fi\/avoimet-ovet-tampere-pirkkalan-toimipisteessa-lauantaina-9-4-2022\/\",\"name\":\"Avoimet ovet Tampere-Pirkkalan toimipisteess\u00e4 lauantaina 9.4.2022 - Aeropole\",\"isPartOf\":{\"@id\":\"https:\/\/temp.kansleri.fi\/#website\"},\"datePublished\":\"2022-03-04T15:28:17+00:00\",\"dateModified\":\"2022-03-04T15:29:58+00:00\",\"author\":{\"@id\":\"https:\/\/temp.kansleri.fi\/#\/schema\/person\/388fb5495a6f334f1a524f5520f1db8c\"},\"breadcrumb\":{\"@id\":\"https:\/\/temp.kansleri.fi\/fi\/avoimet-ovet-tampere-pirkkalan-toimipisteessa-lauantaina-9-4-2022\/#breadcrumb\"},\"inLanguage\":\"fi\",\"potentialAction\":[{\"@type\":\"ReadAction\",\"target\":[\"https:\/\/temp.kansleri.fi\/fi\/avoimet-ovet-tampere-pirkkalan-toimipisteessa-lauantaina-9-4-2022\/\"]}]},{\"@type\":\"BreadcrumbList\",\"@id\":\"https:\/\/temp.kansleri.fi\/fi\/avoimet-ovet-tampere-pirkkalan-toimipisteessa-lauantaina-9-4-2022\/#breadcrumb\",\"itemListElement\":[{\"@type\":\"ListItem\",\"position\":1,\"name\":\"Home\",\"item\":\"https:\/\/temp.kansleri.fi\/fi\/\"},{\"@type\":\"ListItem\",\"position\":2,\"name\":\"Avoimet ovet Tampere-Pirkkalan toimipisteess\u00e4 lauantaina 9.4.2022\"}]},{\"@type\":\"WebSite\",\"@id\":\"https:\/\/temp.kansleri.fi\/#website\",\"url\":\"https:\/\/temp.kansleri.fi\/\",\"name\":\"Aeropole\",\"description\":\"Aviation Academy, Aircraft Sales and Maintenance\",\"potentialAction\":[{\"@type\":\"SearchAction\",\"target\":{\"@type\":\"EntryPoint\",\"urlTemplate\":\"https:\/\/temp.kansleri.fi\/?s={search_term_string}\"},\"query-input\":{\"@type\":\"PropertyValueSpecification\",\"valueRequired\":true,\"valueName\":\"search_term_string\"}}],\"inLanguage\":\"fi\"},{\"@type\":\"Person\",\"@id\":\"https:\/\/temp.kansleri.fi\/#\/schema\/person\/388fb5495a6f334f1a524f5520f1db8c\",\"name\":\"Olli Talso\",\"image\":{\"@type\":\"ImageObject\",\"inLanguage\":\"fi\",\"@id\":\"https:\/\/temp.kansleri.fi\/#\/schema\/person\/image\/\",\"url\":\"https:\/\/secure.gravatar.com\/avatar\/b7e5db569d7af2a28c4ac486510737e78b4bcc0a49c174966d77030927c0e8d9?s=96&d=mm&r=g\",\"contentUrl\":\"https:\/\/secure.gravatar.com\/avatar\/b7e5db569d7af2a28c4ac486510737e78b4bcc0a49c174966d77030927c0e8d9?s=96&d=mm&r=g\",\"caption\":\"Olli Talso\"},\"url\":\"https:\/\/temp.kansleri.fi\/fi\/author\/olli\/\"}]}<\/script>\n<!-- \/ Yoast SEO plugin. -->","yoast_head_json":{"title":"Avoimet ovet Tampere-Pirkkalan toimipisteess\u00e4 lauantaina 9.4.2022 - Aeropole","robots":{"index":"index","follow":"follow","max-snippet":"max-snippet:-1","max-image-preview":"max-image-preview:large","max-video-preview":"max-video-preview:-1"},"canonical":"https:\/\/temp.kansleri.fi\/fi\/avoimet-ovet-tampere-pirkkalan-toimipisteessa-lauantaina-9-4-2022\/","og_locale":"fi_FI","og_type":"article","og_title":"Avoimet ovet Tampere-Pirkkalan toimipisteess\u00e4 lauantaina 9.4.2022 - Aeropole","og_description":"Aeropole j\u00e4rjest\u00e4\u00e4 avointen ovien tapahtuman Tampere-Pirkkalan koulutuskeskuksessa lauantaina 9.4.2022 kello 12.00\u201316.00. Tapahtumassa p\u00e4\u00e4set tutustumaan toimitiloihimme ja saat lis\u00e4tietoa lent\u00e4j\u00e4ksi kouluttautumisesta. Paikalla on henkil\u00f6kuntaa sek\u00e4 opiskelijoita, jotka kertovat mielell\u00e4\u00e4n omista kokemuksistaan ja vastaavat kysymyksiin. Toivotamme kaikki ammatti- tai harrasteilmailusta kiinnostuneet l\u00e4mpim\u00e4sti tervetulleiksi! Toimipisteemme sijaitsee kakkosterminaalissa, ja sis\u00e4\u00e4nk\u00e4ynti l\u00f6ytyy terminaalin l\u00e4nsipuolelta. Ennakkoilmoittautumista ei tarvita. Kannattaa k\u00e4yd\u00e4 tutustumassa [&hellip;]","og_url":"https:\/\/temp.kansleri.fi\/fi\/avoimet-ovet-tampere-pirkkalan-toimipisteessa-lauantaina-9-4-2022\/","og_site_name":"Aeropole","article_published_time":"2022-03-04T15:28:17+00:00","article_modified_time":"2022-03-04T15:29:58+00:00","author":"Olli Talso","twitter_card":"summary_large_image","twitter_misc":{"Kirjoittanut":"Olli Talso"},"schema":{"@context":"https:\/\/schema.org","@graph":[{"@type":"Article","@id":"https:\/\/temp.kansleri.fi\/fi\/avoimet-ovet-tampere-pirkkalan-toimipisteessa-lauantaina-9-4-2022\/#article","isPartOf":{"@id":"https:\/\/temp.kansleri.fi\/fi\/avoimet-ovet-tampere-pirkkalan-toimipisteessa-lauantaina-9-4-2022\/"},"author":{"name":"Olli Talso","@id":"https:\/\/temp.kansleri.fi\/#\/schema\/person\/388fb5495a6f334f1a524f5520f1db8c"},"headline":"Avoimet ovet Tampere-Pirkkalan toimipisteess\u00e4 lauantaina 9.4.2022","datePublished":"2022-03-04T15:28:17+00:00","dateModified":"2022-03-04T15:29:58+00:00","mainEntityOfPage":{"@id":"https:\/\/temp.kansleri.fi\/fi\/avoimet-ovet-tampere-pirkkalan-toimipisteessa-lauantaina-9-4-2022\/"},"wordCount":88,"articleSection":["Uutiset"],"inLanguage":"fi"},{"@type":"WebPage","@id":"https:\/\/temp.kansleri.fi\/fi\/avoimet-ovet-tampere-pirkkalan-toimipisteessa-lauantaina-9-4-2022\/","url":"https:\/\/temp.kansleri.fi\/fi\/avoimet-ovet-tampere-pirkkalan-toimipisteessa-lauantaina-9-4-2022\/","name":"Avoimet ovet Tampere-Pirkkalan toimipisteess\u00e4 lauantaina 9.4.2022 - Aeropole","isPartOf":{"@id":"https:\/\/temp.kansleri.fi\/#website"},"datePublished":"2022-03-04T15:28:17+00:00","dateModified":"2022-03-04T15:29:58+00:00","author":{"@id":"https:\/\/temp.kansleri.fi\/#\/schema\/person\/388fb5495a6f334f1a524f5520f1db8c"},"breadcrumb":{"@id":"https:\/\/temp.kansleri.fi\/fi\/avoimet-ovet-tampere-pirkkalan-toimipisteessa-lauantaina-9-4-2022\/#breadcrumb"},"inLanguage":"fi","potentialAction":[{"@type":"ReadAction","target":["https:\/\/temp.kansleri.fi\/fi\/avoimet-ovet-tampere-pirkkalan-toimipisteessa-lauantaina-9-4-2022\/"]}]},{"@type":"BreadcrumbList","@id":"https:\/\/temp.kansleri.fi\/fi\/avoimet-ovet-tampere-pirkkalan-toimipisteessa-lauantaina-9-4-2022\/#breadcrumb","itemListElement":[{"@type":"ListItem","position":1,"name":"Home","item":"https:\/\/temp.kansleri.fi\/fi\/"},{"@type":"ListItem","position":2,"name":"Avoimet ovet Tampere-Pirkkalan toimipisteess\u00e4 lauantaina 9.4.2022"}]},{"@type":"WebSite","@id":"https:\/\/temp.kansleri.fi\/#website","url":"https:\/\/temp.kansleri.fi\/","name":"Aeropole","description":"Aviation Academy, Aircraft Sales and Maintenance","potentialAction":[{"@type":"SearchAction","target":{"@type":"EntryPoint","urlTemplate":"https:\/\/temp.kansleri.fi\/?s={search_term_string}"},"query-input":{"@type":"PropertyValueSpecification","valueRequired":true,"valueName":"search_term_string"}}],"inLanguage":"fi"},{"@type":"Person","@id":"https:\/\/temp.kansleri.fi\/#\/schema\/person\/388fb5495a6f334f1a524f5520f1db8c","name":"Olli Talso","image":{"@type":"ImageObject","inLanguage":"fi","@id":"https:\/\/temp.kansleri.fi\/#\/schema\/person\/image\/","url":"https:\/\/secure.gravatar.com\/avatar\/b7e5db569d7af2a28c4ac486510737e78b4bcc0a49c174966d77030927c0e8d9?s=96&d=mm&r=g","contentUrl":"https:\/\/secure.gravatar.com\/avatar\/b7e5db569d7af2a28c4ac486510737e78b4bcc0a49c174966d77030927c0e8d9?s=96&d=mm&r=g","caption":"Olli Talso"},"url":"https:\/\/temp.kansleri.fi\/fi\/author\/olli\/"}]}},"_links":{"self":[{"href":"https:\/\/temp.kansleri.fi\/fi\/wp-json\/wp\/v2\/posts\/23915","targetHints":{"allow":["GET"]}}],"collection":[{"href":"https:\/\/temp.kansleri.fi\/fi\/wp-json\/wp\/v2\/posts"}],"about":[{"href":"https:\/\/temp.kansleri.fi\/fi\/wp-json\/wp\/v2\/types\/post"}],"author":[{"embeddable":true,"href":"https:\/\/temp.kansleri.fi\/fi\/wp-json\/wp\/v2\/users\/6"}],"replies":[{"embeddable":true,"href":"https:\/\/temp.kansleri.fi\/fi\/wp-json\/wp\/v2\/comments?post=23915"}],"version-history":[{"count":3,"href":"https:\/\/temp.kansleri.fi\/fi\/wp-json\/wp\/v2\/posts\/23915\/revisions"}],"predecessor-version":[{"id":23918,"href":"https:\/\/temp.kansleri.fi\/fi\/wp-json\/wp\/v2\/posts\/23915\/revisions\/23918"}],"wp:attachment":[{"href":"https:\/\/temp.kansleri.fi\/fi\/wp-json\/wp\/v2\/media?parent=23915"}],"wp:term":[{"taxonomy":"category","embeddable":true,"href":"https:\/\/temp.kansleri.fi\/fi\/wp-json\/wp\/v2\/categories?post=23915"},{"taxonomy":"post_tag","embeddable":true,"href":"https:\/\/temp.kansleri.fi\/fi\/wp-json\/wp\/v2\/tags?post=23915"}],"curies":[{"name":"wp","href":"https:\/\/api.w.org\/{rel}","templated":true}]}}