{"id":2819,"date":"2012-03-07T21:42:10","date_gmt":"2012-03-07T21:42:10","guid":{"rendered":"https:\/\/temp.kansleri.fi\/?p=2819#2012"},"modified":"2017-04-16T22:24:31","modified_gmt":"2017-04-16T22:24:31","slug":"vuoden-2012-ppl-kurssipaivat","status":"publish","type":"post","link":"https:\/\/temp.kansleri.fi\/fi\/vuoden-2012-ppl-kurssipaivat\/","title":{"rendered":"Vuoden 2012 PPL-kurssip\u00e4iv\u00e4t"},"content":{"rendered":"<p>Loput vuoden 2012 PPL-teoriakurssip\u00e4ivist\u00e4 Helsingiss\u00e4 on nyt julkaistu <a href=\"https:\/\/temp.kansleri.fi\/ppl\/ground-school-schedule\/\">kalenterisivulla<\/a>. Seuraa my\u00f6s tulevia ilmoituksia uusista paikkakunnista! Nyt on oiva ajankohta aloittaa teoriaopinnot ja aloittaa k\u00e4yt\u00e4nn\u00f6n lentokoulutusosuus kev\u00e4\u00e4n edetess\u00e4 &#8212; ehdit saada oman yksityislent\u00e4j\u00e4n lupakirjasi (PPL) viel\u00e4 tulevana kes\u00e4n\u00e4, kunhan vain k\u00e4yt\u00e4t riitt\u00e4v\u00e4sti aikaa opiskeluun\u00a0t\u00f6iden ohessa!<\/p>\n<p>PPL-lupakirja oikeuttaa sinut toimimaan p\u00e4\u00e4llikk\u00f6n\u00e4 ja lent\u00e4m\u00e4\u00e4n itsen\u00e4isesti <!--more-->ei-ammattimaisessa lentotoiminnassa oikeilla, alkuun yksimoottorisilla lentokoneilla, jotka ovat tyypillisesti 2-, 4- tai 6-paikkaisia. Lupakirja on kansainv\u00e4linen, ja koulutuksemme antaa sinulle my\u00f6s valmiudet k\u00e4ytt\u00e4\u00e4 ilmailuenglantia ulkomailla.<\/p>\n","protected":false},"excerpt":{"rendered":"<p>Loput vuoden 2012 PPL-teoriakurssip\u00e4ivist\u00e4 Helsingiss\u00e4 on nyt julkaistu kalenterisivulla. Seuraa my\u00f6s tulevia ilmoituksia uusista paikkakunnista! Nyt on oiva ajankohta aloittaa teoriaopinnot ja aloittaa k\u00e4yt\u00e4nn\u00f6n lentokoulutusosuus kev\u00e4\u00e4n edetess\u00e4 &#8212; ehdit saada oman yksityislent\u00e4j\u00e4n lupakirjasi (PPL) viel\u00e4 tulevana kes\u00e4n\u00e4, kunhan vain k\u00e4yt\u00e4t riitt\u00e4v\u00e4sti aikaa opiskeluun\u00a0t\u00f6iden ohessa! PPL-lupakirja oikeuttaa sinut toimimaan p\u00e4\u00e4llikk\u00f6n\u00e4 ja lent\u00e4m\u00e4\u00e4n itsen\u00e4isesti<\/p>\n","protected":false},"author":1,"featured_media":0,"comment_status":"closed","ping_status":"closed","sticky":false,"template":"","format":"standard","meta":{"footnotes":""},"categories":[20],"tags":[],"class_list":["post-2819","post","type-post","status-publish","format-standard","hentry","category-uutiset"],"yoast_head":"<!-- This site is optimized with the Yoast SEO plugin v27.1.1 - https:\/\/yoast.com\/product\/yoast-seo-wordpress\/ -->\n<title>Vuoden 2012 PPL-kurssip\u00e4iv\u00e4t - Aeropole<\/title>\n<meta name=\"robots\" content=\"index, follow, max-snippet:-1, max-image-preview:large, max-video-preview:-1\" \/>\n<link rel=\"canonical\" href=\"https:\/\/temp.kansleri.fi\/fi\/vuoden-2012-ppl-kurssipaivat\/\" \/>\n<meta property=\"og:locale\" content=\"fi_FI\" \/>\n<meta property=\"og:type\" content=\"article\" \/>\n<meta property=\"og:title\" content=\"Vuoden 2012 PPL-kurssip\u00e4iv\u00e4t - Aeropole\" \/>\n<meta property=\"og:description\" content=\"Loput vuoden 2012 PPL-teoriakurssip\u00e4ivist\u00e4 Helsingiss\u00e4 on nyt julkaistu kalenterisivulla. Seuraa my\u00f6s tulevia ilmoituksia uusista paikkakunnista! Nyt on oiva ajankohta aloittaa teoriaopinnot ja aloittaa k\u00e4yt\u00e4nn\u00f6n lentokoulutusosuus kev\u00e4\u00e4n edetess\u00e4 &#8212; ehdit saada oman yksityislent\u00e4j\u00e4n lupakirjasi (PPL) viel\u00e4 tulevana kes\u00e4n\u00e4, kunhan vain k\u00e4yt\u00e4t riitt\u00e4v\u00e4sti aikaa opiskeluun\u00a0t\u00f6iden ohessa! PPL-lupakirja oikeuttaa sinut toimimaan p\u00e4\u00e4llikk\u00f6n\u00e4 ja lent\u00e4m\u00e4\u00e4n itsen\u00e4isesti\" \/>\n<meta property=\"og:url\" content=\"https:\/\/temp.kansleri.fi\/fi\/vuoden-2012-ppl-kurssipaivat\/\" \/>\n<meta property=\"og:site_name\" content=\"Aeropole\" \/>\n<meta property=\"article:published_time\" content=\"2012-03-07T21:42:10+00:00\" \/>\n<meta property=\"article:modified_time\" content=\"2017-04-16T22:24:31+00:00\" \/>\n<meta name=\"author\" content=\"admin\" \/>\n<meta name=\"twitter:card\" content=\"summary_large_image\" \/>\n<meta name=\"twitter:label1\" content=\"Kirjoittanut\" \/>\n\t<meta name=\"twitter:data1\" content=\"admin\" \/>\n<script type=\"application\/ld+json\" class=\"yoast-schema-graph\">{\"@context\":\"https:\/\/schema.org\",\"@graph\":[{\"@type\":\"Article\",\"@id\":\"https:\/\/temp.kansleri.fi\/fi\/vuoden-2012-ppl-kurssipaivat\/#article\",\"isPartOf\":{\"@id\":\"https:\/\/temp.kansleri.fi\/fi\/vuoden-2012-ppl-kurssipaivat\/\"},\"author\":{\"name\":\"admin\",\"@id\":\"https:\/\/temp.kansleri.fi\/#\/schema\/person\/72faf126d17cfcc8c60c2e0faf999ac0\"},\"headline\":\"Vuoden 2012 PPL-kurssip\u00e4iv\u00e4t\",\"datePublished\":\"2012-03-07T21:42:10+00:00\",\"dateModified\":\"2017-04-16T22:24:31+00:00\",\"mainEntityOfPage\":{\"@id\":\"https:\/\/temp.kansleri.fi\/fi\/vuoden-2012-ppl-kurssipaivat\/\"},\"wordCount\":103,\"articleSection\":[\"Uutiset\"],\"inLanguage\":\"fi\"},{\"@type\":\"WebPage\",\"@id\":\"https:\/\/temp.kansleri.fi\/fi\/vuoden-2012-ppl-kurssipaivat\/\",\"url\":\"https:\/\/temp.kansleri.fi\/fi\/vuoden-2012-ppl-kurssipaivat\/\",\"name\":\"Vuoden 2012 PPL-kurssip\u00e4iv\u00e4t - Aeropole\",\"isPartOf\":{\"@id\":\"https:\/\/temp.kansleri.fi\/#website\"},\"datePublished\":\"2012-03-07T21:42:10+00:00\",\"dateModified\":\"2017-04-16T22:24:31+00:00\",\"author\":{\"@id\":\"https:\/\/temp.kansleri.fi\/#\/schema\/person\/72faf126d17cfcc8c60c2e0faf999ac0\"},\"breadcrumb\":{\"@id\":\"https:\/\/temp.kansleri.fi\/fi\/vuoden-2012-ppl-kurssipaivat\/#breadcrumb\"},\"inLanguage\":\"fi\",\"potentialAction\":[{\"@type\":\"ReadAction\",\"target\":[\"https:\/\/temp.kansleri.fi\/fi\/vuoden-2012-ppl-kurssipaivat\/\"]}]},{\"@type\":\"BreadcrumbList\",\"@id\":\"https:\/\/temp.kansleri.fi\/fi\/vuoden-2012-ppl-kurssipaivat\/#breadcrumb\",\"itemListElement\":[{\"@type\":\"ListItem\",\"position\":1,\"name\":\"Home\",\"item\":\"https:\/\/temp.kansleri.fi\/fi\/\"},{\"@type\":\"ListItem\",\"position\":2,\"name\":\"Vuoden 2012 PPL-kurssip\u00e4iv\u00e4t\"}]},{\"@type\":\"WebSite\",\"@id\":\"https:\/\/temp.kansleri.fi\/#website\",\"url\":\"https:\/\/temp.kansleri.fi\/\",\"name\":\"Aeropole\",\"description\":\"Aviation Academy, Aircraft Sales and Maintenance\",\"potentialAction\":[{\"@type\":\"SearchAction\",\"target\":{\"@type\":\"EntryPoint\",\"urlTemplate\":\"https:\/\/temp.kansleri.fi\/?s={search_term_string}\"},\"query-input\":{\"@type\":\"PropertyValueSpecification\",\"valueRequired\":true,\"valueName\":\"search_term_string\"}}],\"inLanguage\":\"fi\"},{\"@type\":\"Person\",\"@id\":\"https:\/\/temp.kansleri.fi\/#\/schema\/person\/72faf126d17cfcc8c60c2e0faf999ac0\",\"name\":\"admin\",\"image\":{\"@type\":\"ImageObject\",\"inLanguage\":\"fi\",\"@id\":\"https:\/\/temp.kansleri.fi\/#\/schema\/person\/image\/\",\"url\":\"https:\/\/secure.gravatar.com\/avatar\/69913d593fe9337bd9fbeac2414da28c2e8a4d1cfecd2d9d0cc976858ff9b1c3?s=96&d=mm&r=g\",\"contentUrl\":\"https:\/\/secure.gravatar.com\/avatar\/69913d593fe9337bd9fbeac2414da28c2e8a4d1cfecd2d9d0cc976858ff9b1c3?s=96&d=mm&r=g\",\"caption\":\"admin\"},\"url\":\"https:\/\/temp.kansleri.fi\/fi\/author\/admin\/\"}]}<\/script>\n<!-- \/ Yoast SEO plugin. -->","yoast_head_json":{"title":"Vuoden 2012 PPL-kurssip\u00e4iv\u00e4t - Aeropole","robots":{"index":"index","follow":"follow","max-snippet":"max-snippet:-1","max-image-preview":"max-image-preview:large","max-video-preview":"max-video-preview:-1"},"canonical":"https:\/\/temp.kansleri.fi\/fi\/vuoden-2012-ppl-kurssipaivat\/","og_locale":"fi_FI","og_type":"article","og_title":"Vuoden 2012 PPL-kurssip\u00e4iv\u00e4t - Aeropole","og_description":"Loput vuoden 2012 PPL-teoriakurssip\u00e4ivist\u00e4 Helsingiss\u00e4 on nyt julkaistu kalenterisivulla. Seuraa my\u00f6s tulevia ilmoituksia uusista paikkakunnista! Nyt on oiva ajankohta aloittaa teoriaopinnot ja aloittaa k\u00e4yt\u00e4nn\u00f6n lentokoulutusosuus kev\u00e4\u00e4n edetess\u00e4 &#8212; ehdit saada oman yksityislent\u00e4j\u00e4n lupakirjasi (PPL) viel\u00e4 tulevana kes\u00e4n\u00e4, kunhan vain k\u00e4yt\u00e4t riitt\u00e4v\u00e4sti aikaa opiskeluun\u00a0t\u00f6iden ohessa! PPL-lupakirja oikeuttaa sinut toimimaan p\u00e4\u00e4llikk\u00f6n\u00e4 ja lent\u00e4m\u00e4\u00e4n itsen\u00e4isesti","og_url":"https:\/\/temp.kansleri.fi\/fi\/vuoden-2012-ppl-kurssipaivat\/","og_site_name":"Aeropole","article_published_time":"2012-03-07T21:42:10+00:00","article_modified_time":"2017-04-16T22:24:31+00:00","author":"admin","twitter_card":"summary_large_image","twitter_misc":{"Kirjoittanut":"admin"},"schema":{"@context":"https:\/\/schema.org","@graph":[{"@type":"Article","@id":"https:\/\/temp.kansleri.fi\/fi\/vuoden-2012-ppl-kurssipaivat\/#article","isPartOf":{"@id":"https:\/\/temp.kansleri.fi\/fi\/vuoden-2012-ppl-kurssipaivat\/"},"author":{"name":"admin","@id":"https:\/\/temp.kansleri.fi\/#\/schema\/person\/72faf126d17cfcc8c60c2e0faf999ac0"},"headline":"Vuoden 2012 PPL-kurssip\u00e4iv\u00e4t","datePublished":"2012-03-07T21:42:10+00:00","dateModified":"2017-04-16T22:24:31+00:00","mainEntityOfPage":{"@id":"https:\/\/temp.kansleri.fi\/fi\/vuoden-2012-ppl-kurssipaivat\/"},"wordCount":103,"articleSection":["Uutiset"],"inLanguage":"fi"},{"@type":"WebPage","@id":"https:\/\/temp.kansleri.fi\/fi\/vuoden-2012-ppl-kurssipaivat\/","url":"https:\/\/temp.kansleri.fi\/fi\/vuoden-2012-ppl-kurssipaivat\/","name":"Vuoden 2012 PPL-kurssip\u00e4iv\u00e4t - Aeropole","isPartOf":{"@id":"https:\/\/temp.kansleri.fi\/#website"},"datePublished":"2012-03-07T21:42:10+00:00","dateModified":"2017-04-16T22:24:31+00:00","author":{"@id":"https:\/\/temp.kansleri.fi\/#\/schema\/person\/72faf126d17cfcc8c60c2e0faf999ac0"},"breadcrumb":{"@id":"https:\/\/temp.kansleri.fi\/fi\/vuoden-2012-ppl-kurssipaivat\/#breadcrumb"},"inLanguage":"fi","potentialAction":[{"@type":"ReadAction","target":["https:\/\/temp.kansleri.fi\/fi\/vuoden-2012-ppl-kurssipaivat\/"]}]},{"@type":"BreadcrumbList","@id":"https:\/\/temp.kansleri.fi\/fi\/vuoden-2012-ppl-kurssipaivat\/#breadcrumb","itemListElement":[{"@type":"ListItem","position":1,"name":"Home","item":"https:\/\/temp.kansleri.fi\/fi\/"},{"@type":"ListItem","position":2,"name":"Vuoden 2012 PPL-kurssip\u00e4iv\u00e4t"}]},{"@type":"WebSite","@id":"https:\/\/temp.kansleri.fi\/#website","url":"https:\/\/temp.kansleri.fi\/","name":"Aeropole","description":"Aviation Academy, Aircraft Sales and Maintenance","potentialAction":[{"@type":"SearchAction","target":{"@type":"EntryPoint","urlTemplate":"https:\/\/temp.kansleri.fi\/?s={search_term_string}"},"query-input":{"@type":"PropertyValueSpecification","valueRequired":true,"valueName":"search_term_string"}}],"inLanguage":"fi"},{"@type":"Person","@id":"https:\/\/temp.kansleri.fi\/#\/schema\/person\/72faf126d17cfcc8c60c2e0faf999ac0","name":"admin","image":{"@type":"ImageObject","inLanguage":"fi","@id":"https:\/\/temp.kansleri.fi\/#\/schema\/person\/image\/","url":"https:\/\/secure.gravatar.com\/avatar\/69913d593fe9337bd9fbeac2414da28c2e8a4d1cfecd2d9d0cc976858ff9b1c3?s=96&d=mm&r=g","contentUrl":"https:\/\/secure.gravatar.com\/avatar\/69913d593fe9337bd9fbeac2414da28c2e8a4d1cfecd2d9d0cc976858ff9b1c3?s=96&d=mm&r=g","caption":"admin"},"url":"https:\/\/temp.kansleri.fi\/fi\/author\/admin\/"}]}},"_links":{"self":[{"href":"https:\/\/temp.kansleri.fi\/fi\/wp-json\/wp\/v2\/posts\/2819","targetHints":{"allow":["GET"]}}],"collection":[{"href":"https:\/\/temp.kansleri.fi\/fi\/wp-json\/wp\/v2\/posts"}],"about":[{"href":"https:\/\/temp.kansleri.fi\/fi\/wp-json\/wp\/v2\/types\/post"}],"author":[{"embeddable":true,"href":"https:\/\/temp.kansleri.fi\/fi\/wp-json\/wp\/v2\/users\/1"}],"replies":[{"embeddable":true,"href":"https:\/\/temp.kansleri.fi\/fi\/wp-json\/wp\/v2\/comments?post=2819"}],"version-history":[{"count":1,"href":"https:\/\/temp.kansleri.fi\/fi\/wp-json\/wp\/v2\/posts\/2819\/revisions"}],"predecessor-version":[{"id":12029,"href":"https:\/\/temp.kansleri.fi\/fi\/wp-json\/wp\/v2\/posts\/2819\/revisions\/12029"}],"wp:attachment":[{"href":"https:\/\/temp.kansleri.fi\/fi\/wp-json\/wp\/v2\/media?parent=2819"}],"wp:term":[{"taxonomy":"category","embeddable":true,"href":"https:\/\/temp.kansleri.fi\/fi\/wp-json\/wp\/v2\/categories?post=2819"},{"taxonomy":"post_tag","embeddable":true,"href":"https:\/\/temp.kansleri.fi\/fi\/wp-json\/wp\/v2\/tags?post=2819"}],"curies":[{"name":"wp","href":"https:\/\/api.w.org\/{rel}","templated":true}]}}