{"id":3163,"date":"2012-08-01T20:49:28","date_gmt":"2012-08-01T20:49:28","guid":{"rendered":"https:\/\/temp.kansleri.fi\/?p=3163#2012"},"modified":"2017-04-16T22:24:31","modified_gmt":"2017-04-16T22:24:31","slug":"aeropole-ylen-radio-suomessa","status":"publish","type":"post","link":"https:\/\/temp.kansleri.fi\/fi\/aeropole-ylen-radio-suomessa\/","title":{"rendered":"Aeropole Ylen Radio Suomessa"},"content":{"rendered":"<p>Kuuntele Ylen 1.8.2012 l\u00e4hett\u00e4m\u00e4 radio-ohjelma <a href=\"http:\/\/areena.yle.fi\/radio\/1583500\" target=\"_blank\">Ilmailun Taustapeili 3\/10<\/a>. Aeropolen lennonopettaja Antti Niska kertoo ilmailusta harrastuksena, johon yksityislent\u00e4j\u00e4n lupakirja (PPL) oikeuttaa, ja kertoo koulutuksesta yleisemminkin &#8212; PPL on my\u00f6s jokaisen ammattilent\u00e4j\u00e4n uran ensiaskel.<\/p>\n","protected":false},"excerpt":{"rendered":"<p>Kuuntele Ylen 1.8.2012 l\u00e4hett\u00e4m\u00e4 radio-ohjelma Ilmailun Taustapeili 3\/10. Aeropolen lennonopettaja Antti Niska kertoo ilmailusta harrastuksena, johon yksityislent\u00e4j\u00e4n lupakirja (PPL) oikeuttaa, ja kertoo koulutuksesta yleisemminkin &#8212; PPL on my\u00f6s jokaisen ammattilent\u00e4j\u00e4n uran ensiaskel.<\/p>\n","protected":false},"author":1,"featured_media":0,"comment_status":"closed","ping_status":"closed","sticky":false,"template":"","format":"standard","meta":{"footnotes":""},"categories":[20],"tags":[],"class_list":["post-3163","post","type-post","status-publish","format-standard","hentry","category-uutiset"],"yoast_head":"<!-- This site is optimized with the Yoast SEO plugin v27.1.1 - https:\/\/yoast.com\/product\/yoast-seo-wordpress\/ -->\n<title>Aeropole Ylen Radio Suomessa - Aeropole<\/title>\n<meta name=\"robots\" content=\"index, follow, max-snippet:-1, max-image-preview:large, max-video-preview:-1\" \/>\n<link rel=\"canonical\" href=\"https:\/\/temp.kansleri.fi\/fi\/aeropole-ylen-radio-suomessa\/\" \/>\n<meta property=\"og:locale\" content=\"fi_FI\" \/>\n<meta property=\"og:type\" content=\"article\" \/>\n<meta property=\"og:title\" content=\"Aeropole Ylen Radio Suomessa - Aeropole\" \/>\n<meta property=\"og:description\" content=\"Kuuntele Ylen 1.8.2012 l\u00e4hett\u00e4m\u00e4 radio-ohjelma Ilmailun Taustapeili 3\/10. Aeropolen lennonopettaja Antti Niska kertoo ilmailusta harrastuksena, johon yksityislent\u00e4j\u00e4n lupakirja (PPL) oikeuttaa, ja kertoo koulutuksesta yleisemminkin &#8212; PPL on my\u00f6s jokaisen ammattilent\u00e4j\u00e4n uran ensiaskel.\" \/>\n<meta property=\"og:url\" content=\"https:\/\/temp.kansleri.fi\/fi\/aeropole-ylen-radio-suomessa\/\" \/>\n<meta property=\"og:site_name\" content=\"Aeropole\" \/>\n<meta property=\"article:published_time\" content=\"2012-08-01T20:49:28+00:00\" \/>\n<meta property=\"article:modified_time\" content=\"2017-04-16T22:24:31+00:00\" \/>\n<meta name=\"author\" content=\"admin\" \/>\n<meta name=\"twitter:card\" content=\"summary_large_image\" \/>\n<meta name=\"twitter:label1\" content=\"Kirjoittanut\" \/>\n\t<meta name=\"twitter:data1\" content=\"admin\" \/>\n<script type=\"application\/ld+json\" class=\"yoast-schema-graph\">{\"@context\":\"https:\/\/schema.org\",\"@graph\":[{\"@type\":\"Article\",\"@id\":\"https:\/\/temp.kansleri.fi\/fi\/aeropole-ylen-radio-suomessa\/#article\",\"isPartOf\":{\"@id\":\"https:\/\/temp.kansleri.fi\/fi\/aeropole-ylen-radio-suomessa\/\"},\"author\":{\"name\":\"admin\",\"@id\":\"https:\/\/temp.kansleri.fi\/#\/schema\/person\/72faf126d17cfcc8c60c2e0faf999ac0\"},\"headline\":\"Aeropole Ylen Radio Suomessa\",\"datePublished\":\"2012-08-01T20:49:28+00:00\",\"dateModified\":\"2017-04-16T22:24:31+00:00\",\"mainEntityOfPage\":{\"@id\":\"https:\/\/temp.kansleri.fi\/fi\/aeropole-ylen-radio-suomessa\/\"},\"wordCount\":41,\"articleSection\":[\"Uutiset\"],\"inLanguage\":\"fi\"},{\"@type\":\"WebPage\",\"@id\":\"https:\/\/temp.kansleri.fi\/fi\/aeropole-ylen-radio-suomessa\/\",\"url\":\"https:\/\/temp.kansleri.fi\/fi\/aeropole-ylen-radio-suomessa\/\",\"name\":\"Aeropole Ylen Radio Suomessa - Aeropole\",\"isPartOf\":{\"@id\":\"https:\/\/temp.kansleri.fi\/#website\"},\"datePublished\":\"2012-08-01T20:49:28+00:00\",\"dateModified\":\"2017-04-16T22:24:31+00:00\",\"author\":{\"@id\":\"https:\/\/temp.kansleri.fi\/#\/schema\/person\/72faf126d17cfcc8c60c2e0faf999ac0\"},\"breadcrumb\":{\"@id\":\"https:\/\/temp.kansleri.fi\/fi\/aeropole-ylen-radio-suomessa\/#breadcrumb\"},\"inLanguage\":\"fi\",\"potentialAction\":[{\"@type\":\"ReadAction\",\"target\":[\"https:\/\/temp.kansleri.fi\/fi\/aeropole-ylen-radio-suomessa\/\"]}]},{\"@type\":\"BreadcrumbList\",\"@id\":\"https:\/\/temp.kansleri.fi\/fi\/aeropole-ylen-radio-suomessa\/#breadcrumb\",\"itemListElement\":[{\"@type\":\"ListItem\",\"position\":1,\"name\":\"Home\",\"item\":\"https:\/\/temp.kansleri.fi\/fi\/\"},{\"@type\":\"ListItem\",\"position\":2,\"name\":\"Aeropole Ylen Radio Suomessa\"}]},{\"@type\":\"WebSite\",\"@id\":\"https:\/\/temp.kansleri.fi\/#website\",\"url\":\"https:\/\/temp.kansleri.fi\/\",\"name\":\"Aeropole\",\"description\":\"Aviation Academy, Aircraft Sales and Maintenance\",\"potentialAction\":[{\"@type\":\"SearchAction\",\"target\":{\"@type\":\"EntryPoint\",\"urlTemplate\":\"https:\/\/temp.kansleri.fi\/?s={search_term_string}\"},\"query-input\":{\"@type\":\"PropertyValueSpecification\",\"valueRequired\":true,\"valueName\":\"search_term_string\"}}],\"inLanguage\":\"fi\"},{\"@type\":\"Person\",\"@id\":\"https:\/\/temp.kansleri.fi\/#\/schema\/person\/72faf126d17cfcc8c60c2e0faf999ac0\",\"name\":\"admin\",\"image\":{\"@type\":\"ImageObject\",\"inLanguage\":\"fi\",\"@id\":\"https:\/\/temp.kansleri.fi\/#\/schema\/person\/image\/\",\"url\":\"https:\/\/secure.gravatar.com\/avatar\/69913d593fe9337bd9fbeac2414da28c2e8a4d1cfecd2d9d0cc976858ff9b1c3?s=96&d=mm&r=g\",\"contentUrl\":\"https:\/\/secure.gravatar.com\/avatar\/69913d593fe9337bd9fbeac2414da28c2e8a4d1cfecd2d9d0cc976858ff9b1c3?s=96&d=mm&r=g\",\"caption\":\"admin\"},\"url\":\"https:\/\/temp.kansleri.fi\/fi\/author\/admin\/\"}]}<\/script>\n<!-- \/ Yoast SEO plugin. -->","yoast_head_json":{"title":"Aeropole Ylen Radio Suomessa - Aeropole","robots":{"index":"index","follow":"follow","max-snippet":"max-snippet:-1","max-image-preview":"max-image-preview:large","max-video-preview":"max-video-preview:-1"},"canonical":"https:\/\/temp.kansleri.fi\/fi\/aeropole-ylen-radio-suomessa\/","og_locale":"fi_FI","og_type":"article","og_title":"Aeropole Ylen Radio Suomessa - Aeropole","og_description":"Kuuntele Ylen 1.8.2012 l\u00e4hett\u00e4m\u00e4 radio-ohjelma Ilmailun Taustapeili 3\/10. Aeropolen lennonopettaja Antti Niska kertoo ilmailusta harrastuksena, johon yksityislent\u00e4j\u00e4n lupakirja (PPL) oikeuttaa, ja kertoo koulutuksesta yleisemminkin &#8212; PPL on my\u00f6s jokaisen ammattilent\u00e4j\u00e4n uran ensiaskel.","og_url":"https:\/\/temp.kansleri.fi\/fi\/aeropole-ylen-radio-suomessa\/","og_site_name":"Aeropole","article_published_time":"2012-08-01T20:49:28+00:00","article_modified_time":"2017-04-16T22:24:31+00:00","author":"admin","twitter_card":"summary_large_image","twitter_misc":{"Kirjoittanut":"admin"},"schema":{"@context":"https:\/\/schema.org","@graph":[{"@type":"Article","@id":"https:\/\/temp.kansleri.fi\/fi\/aeropole-ylen-radio-suomessa\/#article","isPartOf":{"@id":"https:\/\/temp.kansleri.fi\/fi\/aeropole-ylen-radio-suomessa\/"},"author":{"name":"admin","@id":"https:\/\/temp.kansleri.fi\/#\/schema\/person\/72faf126d17cfcc8c60c2e0faf999ac0"},"headline":"Aeropole Ylen Radio Suomessa","datePublished":"2012-08-01T20:49:28+00:00","dateModified":"2017-04-16T22:24:31+00:00","mainEntityOfPage":{"@id":"https:\/\/temp.kansleri.fi\/fi\/aeropole-ylen-radio-suomessa\/"},"wordCount":41,"articleSection":["Uutiset"],"inLanguage":"fi"},{"@type":"WebPage","@id":"https:\/\/temp.kansleri.fi\/fi\/aeropole-ylen-radio-suomessa\/","url":"https:\/\/temp.kansleri.fi\/fi\/aeropole-ylen-radio-suomessa\/","name":"Aeropole Ylen Radio Suomessa - Aeropole","isPartOf":{"@id":"https:\/\/temp.kansleri.fi\/#website"},"datePublished":"2012-08-01T20:49:28+00:00","dateModified":"2017-04-16T22:24:31+00:00","author":{"@id":"https:\/\/temp.kansleri.fi\/#\/schema\/person\/72faf126d17cfcc8c60c2e0faf999ac0"},"breadcrumb":{"@id":"https:\/\/temp.kansleri.fi\/fi\/aeropole-ylen-radio-suomessa\/#breadcrumb"},"inLanguage":"fi","potentialAction":[{"@type":"ReadAction","target":["https:\/\/temp.kansleri.fi\/fi\/aeropole-ylen-radio-suomessa\/"]}]},{"@type":"BreadcrumbList","@id":"https:\/\/temp.kansleri.fi\/fi\/aeropole-ylen-radio-suomessa\/#breadcrumb","itemListElement":[{"@type":"ListItem","position":1,"name":"Home","item":"https:\/\/temp.kansleri.fi\/fi\/"},{"@type":"ListItem","position":2,"name":"Aeropole Ylen Radio Suomessa"}]},{"@type":"WebSite","@id":"https:\/\/temp.kansleri.fi\/#website","url":"https:\/\/temp.kansleri.fi\/","name":"Aeropole","description":"Aviation Academy, Aircraft Sales and Maintenance","potentialAction":[{"@type":"SearchAction","target":{"@type":"EntryPoint","urlTemplate":"https:\/\/temp.kansleri.fi\/?s={search_term_string}"},"query-input":{"@type":"PropertyValueSpecification","valueRequired":true,"valueName":"search_term_string"}}],"inLanguage":"fi"},{"@type":"Person","@id":"https:\/\/temp.kansleri.fi\/#\/schema\/person\/72faf126d17cfcc8c60c2e0faf999ac0","name":"admin","image":{"@type":"ImageObject","inLanguage":"fi","@id":"https:\/\/temp.kansleri.fi\/#\/schema\/person\/image\/","url":"https:\/\/secure.gravatar.com\/avatar\/69913d593fe9337bd9fbeac2414da28c2e8a4d1cfecd2d9d0cc976858ff9b1c3?s=96&d=mm&r=g","contentUrl":"https:\/\/secure.gravatar.com\/avatar\/69913d593fe9337bd9fbeac2414da28c2e8a4d1cfecd2d9d0cc976858ff9b1c3?s=96&d=mm&r=g","caption":"admin"},"url":"https:\/\/temp.kansleri.fi\/fi\/author\/admin\/"}]}},"_links":{"self":[{"href":"https:\/\/temp.kansleri.fi\/fi\/wp-json\/wp\/v2\/posts\/3163","targetHints":{"allow":["GET"]}}],"collection":[{"href":"https:\/\/temp.kansleri.fi\/fi\/wp-json\/wp\/v2\/posts"}],"about":[{"href":"https:\/\/temp.kansleri.fi\/fi\/wp-json\/wp\/v2\/types\/post"}],"author":[{"embeddable":true,"href":"https:\/\/temp.kansleri.fi\/fi\/wp-json\/wp\/v2\/users\/1"}],"replies":[{"embeddable":true,"href":"https:\/\/temp.kansleri.fi\/fi\/wp-json\/wp\/v2\/comments?post=3163"}],"version-history":[{"count":1,"href":"https:\/\/temp.kansleri.fi\/fi\/wp-json\/wp\/v2\/posts\/3163\/revisions"}],"predecessor-version":[{"id":12007,"href":"https:\/\/temp.kansleri.fi\/fi\/wp-json\/wp\/v2\/posts\/3163\/revisions\/12007"}],"wp:attachment":[{"href":"https:\/\/temp.kansleri.fi\/fi\/wp-json\/wp\/v2\/media?parent=3163"}],"wp:term":[{"taxonomy":"category","embeddable":true,"href":"https:\/\/temp.kansleri.fi\/fi\/wp-json\/wp\/v2\/categories?post=3163"},{"taxonomy":"post_tag","embeddable":true,"href":"https:\/\/temp.kansleri.fi\/fi\/wp-json\/wp\/v2\/tags?post=3163"}],"curies":[{"name":"wp","href":"https:\/\/api.w.org\/{rel}","templated":true}]}}