{"id":6148,"date":"2014-02-06T11:37:12","date_gmt":"2014-02-06T11:37:12","guid":{"rendered":"https:\/\/temp.kansleri.fi\/?p=6148#2014"},"modified":"2017-04-16T23:37:14","modified_gmt":"2017-04-16T23:37:14","slug":"haemme-taloushallintovastaavaa","status":"publish","type":"post","link":"https:\/\/temp.kansleri.fi\/fi\/haemme-taloushallintovastaavaa\/","title":{"rendered":"Haemme taloushallintovastaavaa"},"content":{"rendered":"<p>Aeropole Oy hakee nyt toimintojensa laajentuessa ja vakiintuessa taloushallintovastaavaa (kirjanpit\u00e4j\u00e4\/palkanlaskija) <!--more-->huolehtimaan miltei kaikista yrityksen taloushallintoon liittyvist\u00e4 asioista.<\/p>\n<p>Teht\u00e4v\u00e4ss\u00e4 toimit itsen\u00e4isesti yrityksemme taloushallinnon k\u00e4yt\u00e4nn\u00f6n toimista vastaavana henkil\u00f6n\u00e4 ja raportoit suoraan toimitusjohtajalle. Teht\u00e4viisi lukeutuvat mm. laskutus, palkanlaskenta, reskontra ja perint\u00e4, maksuliikenne, kirjanpito, katelaskenta, johdon raportointi, tilinp\u00e4\u00e4t\u00f6kset, vero- ja muut viranomaisilmoitukset sek\u00e4 lakis\u00e4\u00e4teiset asiat, mukaan lukien vakuutusasiat.<\/p>\n<p>Etsimme t\u00e4h\u00e4n teht\u00e4v\u00e4\u00e4n huolellista, j\u00e4rjestelm\u00e4llist\u00e4 ja tunnollista henkil\u00f6\u00e4, joka on esimerkiksi vastik\u00e4\u00e4n valmistunut tradenomiksi tai laskentatoimen KTM:ksi, on tietoteknisesti k\u00e4tev\u00e4 ja my\u00f6s mielell\u00e4\u00e4n kiinnostunut ilmailusta. (Esim. yksityislent\u00e4j\u00e4n lupakirja luetaan eduksi, mutta ei suinkaan ole v\u00e4ltt\u00e4m\u00e4t\u00f6n.) Vaikka toimenkuvasi on laaja ja odotamme nimenomaan omatoimista <em>can do<\/em> -asennetta, tukenasi sinulla on tarpeen mukaan tilikonsultti.<\/p>\n<p><strong>Sinulla on luultavasti jo jonkin verran ty\u00f6kokemusta vastaavista teht\u00e4vist\u00e4. Odotamme sinulta kokemusta suurimmasta osasta seuraavia:<\/strong><\/p>\n<ul>\n<li>Juoksevasta kirjanpidosta ja palkanlaskennasta<\/li>\n<li>Lakis\u00e4\u00e4teisten ilmoitusten ja velvoitteiden hoitamisesta<\/li>\n<li>Useamman tilinp\u00e4\u00e4t\u00f6ksen ja veroilmoituksen laatimisesta<\/li>\n<li>Eri kirjanpito- tai taloushallinto-ohjelmistoista<\/li>\n<li>Pankkien er\u00e4siirto- tai yhteysohjelmien k\u00e4yt\u00f6st\u00e4 tai taloushallinto-ohjelmistojen vastaavista toiminnoista<\/li>\n<li>P\u00e4ivitt\u00e4isen tietotekniikan (toimisto-ohjelmat) hy\u00f6dynt\u00e4misest\u00e4<\/li>\n<\/ul>\n<p><strong>Etuna pid\u00e4mme<\/strong><\/p>\n<ul>\n<li>Ohjelmointikokemusta joillain Internetin ohjelmointikielist\u00e4 ja\/tai \u2013ymp\u00e4rist\u00f6ist\u00e4.<\/li>\n<li>Kokemusta yritysrahoituksesta<\/li>\n<li>Toimialan (ilmakuljetus\/lentokoulutus) tuntemusta<\/li>\n<li>Englannin kielen taitoa<\/li>\n<\/ul>\n<p>Yhten\u00e4 t\u00e4rkeimp\u00e4n\u00e4 teht\u00e4v\u00e4n\u00e4si on varmistaa myyntilaskutuksemme sujuvuus ja oikeellisuus, mink\u00e4 takia joudut tutustumaan syv\u00e4llisemmin yrityksemme toimintaan. Hallitset my\u00f6s suomen kielen kirjallisen k\u00e4yt\u00f6n, sill\u00e4 ty\u00f6skentelet my\u00f6s asiakasrajapinnassa.<\/p>\n<p>Tarjoamme sinulle <i>arviolta puolip\u00e4iv\u00e4isen<\/i> ja ty\u00f6n m\u00e4\u00e4r\u00e4n mukaan vaihtelevan, luultavimmin m\u00e4\u00e4r\u00e4lt\u00e4\u00e4n lis\u00e4\u00e4ntyv\u00e4n, tuntity\u00f6suhteen. Vuoden 2014 alussa 1-2 p\u00e4iv\u00e4\u00e4 viikossakin voi riitt\u00e4\u00e4, mutta takaamme halutessasi tietyt minimiviikkotunnit. Halutessasi voit tarjota ty\u00f6panostasi my\u00f6s toiminimesi tai oman yrityksesi kautta. Kyseess\u00e4 on osa-aikaty\u00f6, jossa ty\u00f6aika sijoittuu p\u00e4\u00e4asiallisesti klo 9-18 v\u00e4lille. Ty\u00f6 alkaa heti sopivan henkil\u00f6n l\u00f6ydytty\u00e4. Ty\u00f6paikka sijaitsee sopimuksen mukaan joko Helsinki-Malmin lentoasemalla tai hyvien kulkuyhteyksien varrella Helsinki-Vantaalla. Erillisen sopimuksen mukaan my\u00f6s et\u00e4t\u00f6ihin on mahdollisuus. Voimme my\u00f6s keskustella mahdollisuudesta liitt\u00e4\u00e4 muita yrityksen teht\u00e4vi\u00e4 (esim. asiakaspalvelua) teht\u00e4v\u00e4nkuvaasi, jolloin ty\u00f6n m\u00e4\u00e4r\u00e4kin voi olla edell\u00e4 mainittua suurempi.<\/p>\n<p>Aeropole Oy on voimakkaasti mutta hallitusti ja kannattavasti kasvava kotimainen lentokoulutusyhti\u00f6. Riippuen yhti\u00f6n kasvunopeudesta tulevaisuudessa sek\u00e4 osaamisesi ja teht\u00e4v\u00e4nkuvasi lopullisesta laajuudesta t\u00e4st\u00e4 teht\u00e4v\u00e4st\u00e4 saattaa my\u00f6hemmin muodostua my\u00f6s kokop\u00e4iv\u00e4toiminen ty\u00f6suhde.<\/p>\n<p>Lis\u00e4tietoja teht\u00e4v\u00e4st\u00e4 saat s\u00e4hk\u00f6postitse osoitteesta recruitment at aeropole.fi.<\/p>\n<p>Hae teht\u00e4v\u00e4\u00e4 mahdollisimman pian, mutta kuitenkin viimeist\u00e4\u00e4n 15.3.2014 menness\u00e4, l\u00e4hett\u00e4m\u00e4ll\u00e4 hakemus s\u00e4hk\u00f6postilla osoitteeseen <a href=\"mailto:recruitment@temp.kansleri.fi\">recruitment at aeropole.fi<\/a>. Kirjoita hakemus suoraan s\u00e4hk\u00f6postiviestiin (ei liitteeseen), liit\u00e4 viestiin CV:si ja mainitse otsikossa &#8221;Taloushallintovastaava Helsinki\/Vantaa&#8221;.<\/p>\n","protected":false},"excerpt":{"rendered":"<p>Aeropole Oy hakee nyt toimintojensa laajentuessa ja vakiintuessa taloushallintovastaavaa (kirjanpit\u00e4j\u00e4\/palkanlaskija)<\/p>\n","protected":false},"author":1,"featured_media":0,"comment_status":"closed","ping_status":"closed","sticky":false,"template":"","format":"standard","meta":{"footnotes":""},"categories":[20],"tags":[],"class_list":["post-6148","post","type-post","status-publish","format-standard","hentry","category-uutiset"],"yoast_head":"<!-- This site is optimized with the Yoast SEO plugin v27.1.1 - https:\/\/yoast.com\/product\/yoast-seo-wordpress\/ -->\n<title>Haemme taloushallintovastaavaa - Aeropole<\/title>\n<meta name=\"robots\" content=\"index, follow, max-snippet:-1, max-image-preview:large, max-video-preview:-1\" \/>\n<link rel=\"canonical\" href=\"https:\/\/temp.kansleri.fi\/fi\/haemme-taloushallintovastaavaa\/\" \/>\n<meta property=\"og:locale\" content=\"fi_FI\" \/>\n<meta property=\"og:type\" content=\"article\" \/>\n<meta property=\"og:title\" content=\"Haemme taloushallintovastaavaa - Aeropole\" \/>\n<meta property=\"og:description\" content=\"Aeropole Oy hakee nyt toimintojensa laajentuessa ja vakiintuessa taloushallintovastaavaa (kirjanpit\u00e4j\u00e4\/palkanlaskija)\" \/>\n<meta property=\"og:url\" content=\"https:\/\/temp.kansleri.fi\/fi\/haemme-taloushallintovastaavaa\/\" \/>\n<meta property=\"og:site_name\" content=\"Aeropole\" \/>\n<meta property=\"article:published_time\" content=\"2014-02-06T11:37:12+00:00\" \/>\n<meta property=\"article:modified_time\" content=\"2017-04-16T23:37:14+00:00\" \/>\n<meta name=\"author\" content=\"admin\" \/>\n<meta name=\"twitter:card\" content=\"summary_large_image\" \/>\n<meta name=\"twitter:label1\" content=\"Kirjoittanut\" \/>\n\t<meta name=\"twitter:data1\" content=\"admin\" \/>\n\t<meta name=\"twitter:label2\" content=\"Arvioitu lukuaika\" \/>\n\t<meta name=\"twitter:data2\" content=\"2 minuuttia\" \/>\n<script type=\"application\/ld+json\" class=\"yoast-schema-graph\">{\"@context\":\"https:\/\/schema.org\",\"@graph\":[{\"@type\":\"Article\",\"@id\":\"https:\/\/temp.kansleri.fi\/fi\/haemme-taloushallintovastaavaa\/#article\",\"isPartOf\":{\"@id\":\"https:\/\/temp.kansleri.fi\/fi\/haemme-taloushallintovastaavaa\/\"},\"author\":{\"name\":\"admin\",\"@id\":\"https:\/\/temp.kansleri.fi\/#\/schema\/person\/72faf126d17cfcc8c60c2e0faf999ac0\"},\"headline\":\"Haemme taloushallintovastaavaa\",\"datePublished\":\"2014-02-06T11:37:12+00:00\",\"dateModified\":\"2017-04-16T23:37:14+00:00\",\"mainEntityOfPage\":{\"@id\":\"https:\/\/temp.kansleri.fi\/fi\/haemme-taloushallintovastaavaa\/\"},\"wordCount\":468,\"articleSection\":[\"Uutiset\"],\"inLanguage\":\"fi\"},{\"@type\":\"WebPage\",\"@id\":\"https:\/\/temp.kansleri.fi\/fi\/haemme-taloushallintovastaavaa\/\",\"url\":\"https:\/\/temp.kansleri.fi\/fi\/haemme-taloushallintovastaavaa\/\",\"name\":\"Haemme taloushallintovastaavaa - Aeropole\",\"isPartOf\":{\"@id\":\"https:\/\/temp.kansleri.fi\/#website\"},\"datePublished\":\"2014-02-06T11:37:12+00:00\",\"dateModified\":\"2017-04-16T23:37:14+00:00\",\"author\":{\"@id\":\"https:\/\/temp.kansleri.fi\/#\/schema\/person\/72faf126d17cfcc8c60c2e0faf999ac0\"},\"breadcrumb\":{\"@id\":\"https:\/\/temp.kansleri.fi\/fi\/haemme-taloushallintovastaavaa\/#breadcrumb\"},\"inLanguage\":\"fi\",\"potentialAction\":[{\"@type\":\"ReadAction\",\"target\":[\"https:\/\/temp.kansleri.fi\/fi\/haemme-taloushallintovastaavaa\/\"]}]},{\"@type\":\"BreadcrumbList\",\"@id\":\"https:\/\/temp.kansleri.fi\/fi\/haemme-taloushallintovastaavaa\/#breadcrumb\",\"itemListElement\":[{\"@type\":\"ListItem\",\"position\":1,\"name\":\"Home\",\"item\":\"https:\/\/temp.kansleri.fi\/fi\/\"},{\"@type\":\"ListItem\",\"position\":2,\"name\":\"Haemme taloushallintovastaavaa\"}]},{\"@type\":\"WebSite\",\"@id\":\"https:\/\/temp.kansleri.fi\/#website\",\"url\":\"https:\/\/temp.kansleri.fi\/\",\"name\":\"Aeropole\",\"description\":\"Aviation Academy, Aircraft Sales and Maintenance\",\"potentialAction\":[{\"@type\":\"SearchAction\",\"target\":{\"@type\":\"EntryPoint\",\"urlTemplate\":\"https:\/\/temp.kansleri.fi\/?s={search_term_string}\"},\"query-input\":{\"@type\":\"PropertyValueSpecification\",\"valueRequired\":true,\"valueName\":\"search_term_string\"}}],\"inLanguage\":\"fi\"},{\"@type\":\"Person\",\"@id\":\"https:\/\/temp.kansleri.fi\/#\/schema\/person\/72faf126d17cfcc8c60c2e0faf999ac0\",\"name\":\"admin\",\"image\":{\"@type\":\"ImageObject\",\"inLanguage\":\"fi\",\"@id\":\"https:\/\/temp.kansleri.fi\/#\/schema\/person\/image\/\",\"url\":\"https:\/\/secure.gravatar.com\/avatar\/69913d593fe9337bd9fbeac2414da28c2e8a4d1cfecd2d9d0cc976858ff9b1c3?s=96&d=mm&r=g\",\"contentUrl\":\"https:\/\/secure.gravatar.com\/avatar\/69913d593fe9337bd9fbeac2414da28c2e8a4d1cfecd2d9d0cc976858ff9b1c3?s=96&d=mm&r=g\",\"caption\":\"admin\"},\"url\":\"https:\/\/temp.kansleri.fi\/fi\/author\/admin\/\"}]}<\/script>\n<!-- \/ Yoast SEO plugin. -->","yoast_head_json":{"title":"Haemme taloushallintovastaavaa - Aeropole","robots":{"index":"index","follow":"follow","max-snippet":"max-snippet:-1","max-image-preview":"max-image-preview:large","max-video-preview":"max-video-preview:-1"},"canonical":"https:\/\/temp.kansleri.fi\/fi\/haemme-taloushallintovastaavaa\/","og_locale":"fi_FI","og_type":"article","og_title":"Haemme taloushallintovastaavaa - Aeropole","og_description":"Aeropole Oy hakee nyt toimintojensa laajentuessa ja vakiintuessa taloushallintovastaavaa (kirjanpit\u00e4j\u00e4\/palkanlaskija)","og_url":"https:\/\/temp.kansleri.fi\/fi\/haemme-taloushallintovastaavaa\/","og_site_name":"Aeropole","article_published_time":"2014-02-06T11:37:12+00:00","article_modified_time":"2017-04-16T23:37:14+00:00","author":"admin","twitter_card":"summary_large_image","twitter_misc":{"Kirjoittanut":"admin","Arvioitu lukuaika":"2 minuuttia"},"schema":{"@context":"https:\/\/schema.org","@graph":[{"@type":"Article","@id":"https:\/\/temp.kansleri.fi\/fi\/haemme-taloushallintovastaavaa\/#article","isPartOf":{"@id":"https:\/\/temp.kansleri.fi\/fi\/haemme-taloushallintovastaavaa\/"},"author":{"name":"admin","@id":"https:\/\/temp.kansleri.fi\/#\/schema\/person\/72faf126d17cfcc8c60c2e0faf999ac0"},"headline":"Haemme taloushallintovastaavaa","datePublished":"2014-02-06T11:37:12+00:00","dateModified":"2017-04-16T23:37:14+00:00","mainEntityOfPage":{"@id":"https:\/\/temp.kansleri.fi\/fi\/haemme-taloushallintovastaavaa\/"},"wordCount":468,"articleSection":["Uutiset"],"inLanguage":"fi"},{"@type":"WebPage","@id":"https:\/\/temp.kansleri.fi\/fi\/haemme-taloushallintovastaavaa\/","url":"https:\/\/temp.kansleri.fi\/fi\/haemme-taloushallintovastaavaa\/","name":"Haemme taloushallintovastaavaa - Aeropole","isPartOf":{"@id":"https:\/\/temp.kansleri.fi\/#website"},"datePublished":"2014-02-06T11:37:12+00:00","dateModified":"2017-04-16T23:37:14+00:00","author":{"@id":"https:\/\/temp.kansleri.fi\/#\/schema\/person\/72faf126d17cfcc8c60c2e0faf999ac0"},"breadcrumb":{"@id":"https:\/\/temp.kansleri.fi\/fi\/haemme-taloushallintovastaavaa\/#breadcrumb"},"inLanguage":"fi","potentialAction":[{"@type":"ReadAction","target":["https:\/\/temp.kansleri.fi\/fi\/haemme-taloushallintovastaavaa\/"]}]},{"@type":"BreadcrumbList","@id":"https:\/\/temp.kansleri.fi\/fi\/haemme-taloushallintovastaavaa\/#breadcrumb","itemListElement":[{"@type":"ListItem","position":1,"name":"Home","item":"https:\/\/temp.kansleri.fi\/fi\/"},{"@type":"ListItem","position":2,"name":"Haemme taloushallintovastaavaa"}]},{"@type":"WebSite","@id":"https:\/\/temp.kansleri.fi\/#website","url":"https:\/\/temp.kansleri.fi\/","name":"Aeropole","description":"Aviation Academy, Aircraft Sales and Maintenance","potentialAction":[{"@type":"SearchAction","target":{"@type":"EntryPoint","urlTemplate":"https:\/\/temp.kansleri.fi\/?s={search_term_string}"},"query-input":{"@type":"PropertyValueSpecification","valueRequired":true,"valueName":"search_term_string"}}],"inLanguage":"fi"},{"@type":"Person","@id":"https:\/\/temp.kansleri.fi\/#\/schema\/person\/72faf126d17cfcc8c60c2e0faf999ac0","name":"admin","image":{"@type":"ImageObject","inLanguage":"fi","@id":"https:\/\/temp.kansleri.fi\/#\/schema\/person\/image\/","url":"https:\/\/secure.gravatar.com\/avatar\/69913d593fe9337bd9fbeac2414da28c2e8a4d1cfecd2d9d0cc976858ff9b1c3?s=96&d=mm&r=g","contentUrl":"https:\/\/secure.gravatar.com\/avatar\/69913d593fe9337bd9fbeac2414da28c2e8a4d1cfecd2d9d0cc976858ff9b1c3?s=96&d=mm&r=g","caption":"admin"},"url":"https:\/\/temp.kansleri.fi\/fi\/author\/admin\/"}]}},"_links":{"self":[{"href":"https:\/\/temp.kansleri.fi\/fi\/wp-json\/wp\/v2\/posts\/6148","targetHints":{"allow":["GET"]}}],"collection":[{"href":"https:\/\/temp.kansleri.fi\/fi\/wp-json\/wp\/v2\/posts"}],"about":[{"href":"https:\/\/temp.kansleri.fi\/fi\/wp-json\/wp\/v2\/types\/post"}],"author":[{"embeddable":true,"href":"https:\/\/temp.kansleri.fi\/fi\/wp-json\/wp\/v2\/users\/1"}],"replies":[{"embeddable":true,"href":"https:\/\/temp.kansleri.fi\/fi\/wp-json\/wp\/v2\/comments?post=6148"}],"version-history":[{"count":2,"href":"https:\/\/temp.kansleri.fi\/fi\/wp-json\/wp\/v2\/posts\/6148\/revisions"}],"predecessor-version":[{"id":12290,"href":"https:\/\/temp.kansleri.fi\/fi\/wp-json\/wp\/v2\/posts\/6148\/revisions\/12290"}],"wp:attachment":[{"href":"https:\/\/temp.kansleri.fi\/fi\/wp-json\/wp\/v2\/media?parent=6148"}],"wp:term":[{"taxonomy":"category","embeddable":true,"href":"https:\/\/temp.kansleri.fi\/fi\/wp-json\/wp\/v2\/categories?post=6148"},{"taxonomy":"post_tag","embeddable":true,"href":"https:\/\/temp.kansleri.fi\/fi\/wp-json\/wp\/v2\/tags?post=6148"}],"curies":[{"name":"wp","href":"https:\/\/api.w.org\/{rel}","templated":true}]}}