{"id":6362,"date":"2014-03-12T09:15:05","date_gmt":"2014-03-12T09:15:05","guid":{"rendered":"https:\/\/temp.kansleri.fi\/?p=6362#2014"},"modified":"2017-04-16T22:24:29","modified_gmt":"2017-04-16T22:24:29","slug":"ppl-lentokoulutus-alkaa-tikkakoskella","status":"publish","type":"post","link":"https:\/\/temp.kansleri.fi\/fi\/ppl-lentokoulutus-alkaa-tikkakoskella\/","title":{"rendered":"PPL-lentokoulutus alkaa Tikkakoskella"},"content":{"rendered":"<p>Aeropole aloittaa jo hetken aikaa py\u00f6rineen teoriakoulutuksen lis\u00e4ksi nyt my\u00f6s k\u00e4yt\u00e4nn\u00f6n lentokoulutuksen Jyv\u00e4skyl\u00e4n lentoasemalla <!--more-->Tikkakoskella yksityislent\u00e4j\u00e4n lupakirjaa (PPL) sek\u00e4 y\u00f6lentokelpuutusta (NF) varten. Yksityislent\u00e4j\u00e4n lupakirjakurssin voit suorittaa ilman mit\u00e4\u00e4n aiempaa kokemusta ilmailusta! <a href=\"https:\/\/temp.kansleri.fi\/fi\/yhteystiedot\/\">Ota yhteytt\u00e4<\/a>!<\/p>\n","protected":false},"excerpt":{"rendered":"<p>Aeropole aloittaa jo hetken aikaa py\u00f6rineen teoriakoulutuksen lis\u00e4ksi nyt my\u00f6s k\u00e4yt\u00e4nn\u00f6n lentokoulutuksen Jyv\u00e4skyl\u00e4n lentoasemalla<\/p>\n","protected":false},"author":1,"featured_media":0,"comment_status":"closed","ping_status":"closed","sticky":false,"template":"","format":"standard","meta":{"footnotes":""},"categories":[20],"tags":[],"class_list":["post-6362","post","type-post","status-publish","format-standard","hentry","category-uutiset"],"yoast_head":"<!-- This site is optimized with the Yoast SEO plugin v27.1.1 - https:\/\/yoast.com\/product\/yoast-seo-wordpress\/ -->\n<title>PPL-lentokoulutus alkaa Tikkakoskella - Aeropole<\/title>\n<meta name=\"robots\" content=\"index, follow, max-snippet:-1, max-image-preview:large, max-video-preview:-1\" \/>\n<link rel=\"canonical\" href=\"https:\/\/temp.kansleri.fi\/fi\/ppl-lentokoulutus-alkaa-tikkakoskella\/\" \/>\n<meta property=\"og:locale\" content=\"fi_FI\" \/>\n<meta property=\"og:type\" content=\"article\" \/>\n<meta property=\"og:title\" content=\"PPL-lentokoulutus alkaa Tikkakoskella - Aeropole\" \/>\n<meta property=\"og:description\" content=\"Aeropole aloittaa jo hetken aikaa py\u00f6rineen teoriakoulutuksen lis\u00e4ksi nyt my\u00f6s k\u00e4yt\u00e4nn\u00f6n lentokoulutuksen Jyv\u00e4skyl\u00e4n lentoasemalla\" \/>\n<meta property=\"og:url\" content=\"https:\/\/temp.kansleri.fi\/fi\/ppl-lentokoulutus-alkaa-tikkakoskella\/\" \/>\n<meta property=\"og:site_name\" content=\"Aeropole\" \/>\n<meta property=\"article:published_time\" content=\"2014-03-12T09:15:05+00:00\" \/>\n<meta property=\"article:modified_time\" content=\"2017-04-16T22:24:29+00:00\" \/>\n<meta name=\"author\" content=\"admin\" \/>\n<meta name=\"twitter:card\" content=\"summary_large_image\" \/>\n<meta name=\"twitter:label1\" content=\"Kirjoittanut\" \/>\n\t<meta name=\"twitter:data1\" content=\"admin\" \/>\n<script type=\"application\/ld+json\" class=\"yoast-schema-graph\">{\"@context\":\"https:\/\/schema.org\",\"@graph\":[{\"@type\":\"Article\",\"@id\":\"https:\/\/temp.kansleri.fi\/fi\/ppl-lentokoulutus-alkaa-tikkakoskella\/#article\",\"isPartOf\":{\"@id\":\"https:\/\/temp.kansleri.fi\/fi\/ppl-lentokoulutus-alkaa-tikkakoskella\/\"},\"author\":{\"name\":\"admin\",\"@id\":\"https:\/\/temp.kansleri.fi\/#\/schema\/person\/72faf126d17cfcc8c60c2e0faf999ac0\"},\"headline\":\"PPL-lentokoulutus alkaa Tikkakoskella\",\"datePublished\":\"2014-03-12T09:15:05+00:00\",\"dateModified\":\"2017-04-16T22:24:29+00:00\",\"mainEntityOfPage\":{\"@id\":\"https:\/\/temp.kansleri.fi\/fi\/ppl-lentokoulutus-alkaa-tikkakoskella\/\"},\"wordCount\":50,\"articleSection\":[\"Uutiset\"],\"inLanguage\":\"fi\"},{\"@type\":\"WebPage\",\"@id\":\"https:\/\/temp.kansleri.fi\/fi\/ppl-lentokoulutus-alkaa-tikkakoskella\/\",\"url\":\"https:\/\/temp.kansleri.fi\/fi\/ppl-lentokoulutus-alkaa-tikkakoskella\/\",\"name\":\"PPL-lentokoulutus alkaa Tikkakoskella - Aeropole\",\"isPartOf\":{\"@id\":\"https:\/\/temp.kansleri.fi\/#website\"},\"datePublished\":\"2014-03-12T09:15:05+00:00\",\"dateModified\":\"2017-04-16T22:24:29+00:00\",\"author\":{\"@id\":\"https:\/\/temp.kansleri.fi\/#\/schema\/person\/72faf126d17cfcc8c60c2e0faf999ac0\"},\"breadcrumb\":{\"@id\":\"https:\/\/temp.kansleri.fi\/fi\/ppl-lentokoulutus-alkaa-tikkakoskella\/#breadcrumb\"},\"inLanguage\":\"fi\",\"potentialAction\":[{\"@type\":\"ReadAction\",\"target\":[\"https:\/\/temp.kansleri.fi\/fi\/ppl-lentokoulutus-alkaa-tikkakoskella\/\"]}]},{\"@type\":\"BreadcrumbList\",\"@id\":\"https:\/\/temp.kansleri.fi\/fi\/ppl-lentokoulutus-alkaa-tikkakoskella\/#breadcrumb\",\"itemListElement\":[{\"@type\":\"ListItem\",\"position\":1,\"name\":\"Home\",\"item\":\"https:\/\/temp.kansleri.fi\/fi\/\"},{\"@type\":\"ListItem\",\"position\":2,\"name\":\"PPL-lentokoulutus alkaa Tikkakoskella\"}]},{\"@type\":\"WebSite\",\"@id\":\"https:\/\/temp.kansleri.fi\/#website\",\"url\":\"https:\/\/temp.kansleri.fi\/\",\"name\":\"Aeropole\",\"description\":\"Aviation Academy, Aircraft Sales and Maintenance\",\"potentialAction\":[{\"@type\":\"SearchAction\",\"target\":{\"@type\":\"EntryPoint\",\"urlTemplate\":\"https:\/\/temp.kansleri.fi\/?s={search_term_string}\"},\"query-input\":{\"@type\":\"PropertyValueSpecification\",\"valueRequired\":true,\"valueName\":\"search_term_string\"}}],\"inLanguage\":\"fi\"},{\"@type\":\"Person\",\"@id\":\"https:\/\/temp.kansleri.fi\/#\/schema\/person\/72faf126d17cfcc8c60c2e0faf999ac0\",\"name\":\"admin\",\"image\":{\"@type\":\"ImageObject\",\"inLanguage\":\"fi\",\"@id\":\"https:\/\/temp.kansleri.fi\/#\/schema\/person\/image\/\",\"url\":\"https:\/\/secure.gravatar.com\/avatar\/69913d593fe9337bd9fbeac2414da28c2e8a4d1cfecd2d9d0cc976858ff9b1c3?s=96&d=mm&r=g\",\"contentUrl\":\"https:\/\/secure.gravatar.com\/avatar\/69913d593fe9337bd9fbeac2414da28c2e8a4d1cfecd2d9d0cc976858ff9b1c3?s=96&d=mm&r=g\",\"caption\":\"admin\"},\"url\":\"https:\/\/temp.kansleri.fi\/fi\/author\/admin\/\"}]}<\/script>\n<!-- \/ Yoast SEO plugin. -->","yoast_head_json":{"title":"PPL-lentokoulutus alkaa Tikkakoskella - Aeropole","robots":{"index":"index","follow":"follow","max-snippet":"max-snippet:-1","max-image-preview":"max-image-preview:large","max-video-preview":"max-video-preview:-1"},"canonical":"https:\/\/temp.kansleri.fi\/fi\/ppl-lentokoulutus-alkaa-tikkakoskella\/","og_locale":"fi_FI","og_type":"article","og_title":"PPL-lentokoulutus alkaa Tikkakoskella - Aeropole","og_description":"Aeropole aloittaa jo hetken aikaa py\u00f6rineen teoriakoulutuksen lis\u00e4ksi nyt my\u00f6s k\u00e4yt\u00e4nn\u00f6n lentokoulutuksen Jyv\u00e4skyl\u00e4n lentoasemalla","og_url":"https:\/\/temp.kansleri.fi\/fi\/ppl-lentokoulutus-alkaa-tikkakoskella\/","og_site_name":"Aeropole","article_published_time":"2014-03-12T09:15:05+00:00","article_modified_time":"2017-04-16T22:24:29+00:00","author":"admin","twitter_card":"summary_large_image","twitter_misc":{"Kirjoittanut":"admin"},"schema":{"@context":"https:\/\/schema.org","@graph":[{"@type":"Article","@id":"https:\/\/temp.kansleri.fi\/fi\/ppl-lentokoulutus-alkaa-tikkakoskella\/#article","isPartOf":{"@id":"https:\/\/temp.kansleri.fi\/fi\/ppl-lentokoulutus-alkaa-tikkakoskella\/"},"author":{"name":"admin","@id":"https:\/\/temp.kansleri.fi\/#\/schema\/person\/72faf126d17cfcc8c60c2e0faf999ac0"},"headline":"PPL-lentokoulutus alkaa Tikkakoskella","datePublished":"2014-03-12T09:15:05+00:00","dateModified":"2017-04-16T22:24:29+00:00","mainEntityOfPage":{"@id":"https:\/\/temp.kansleri.fi\/fi\/ppl-lentokoulutus-alkaa-tikkakoskella\/"},"wordCount":50,"articleSection":["Uutiset"],"inLanguage":"fi"},{"@type":"WebPage","@id":"https:\/\/temp.kansleri.fi\/fi\/ppl-lentokoulutus-alkaa-tikkakoskella\/","url":"https:\/\/temp.kansleri.fi\/fi\/ppl-lentokoulutus-alkaa-tikkakoskella\/","name":"PPL-lentokoulutus alkaa Tikkakoskella - Aeropole","isPartOf":{"@id":"https:\/\/temp.kansleri.fi\/#website"},"datePublished":"2014-03-12T09:15:05+00:00","dateModified":"2017-04-16T22:24:29+00:00","author":{"@id":"https:\/\/temp.kansleri.fi\/#\/schema\/person\/72faf126d17cfcc8c60c2e0faf999ac0"},"breadcrumb":{"@id":"https:\/\/temp.kansleri.fi\/fi\/ppl-lentokoulutus-alkaa-tikkakoskella\/#breadcrumb"},"inLanguage":"fi","potentialAction":[{"@type":"ReadAction","target":["https:\/\/temp.kansleri.fi\/fi\/ppl-lentokoulutus-alkaa-tikkakoskella\/"]}]},{"@type":"BreadcrumbList","@id":"https:\/\/temp.kansleri.fi\/fi\/ppl-lentokoulutus-alkaa-tikkakoskella\/#breadcrumb","itemListElement":[{"@type":"ListItem","position":1,"name":"Home","item":"https:\/\/temp.kansleri.fi\/fi\/"},{"@type":"ListItem","position":2,"name":"PPL-lentokoulutus alkaa Tikkakoskella"}]},{"@type":"WebSite","@id":"https:\/\/temp.kansleri.fi\/#website","url":"https:\/\/temp.kansleri.fi\/","name":"Aeropole","description":"Aviation Academy, Aircraft Sales and Maintenance","potentialAction":[{"@type":"SearchAction","target":{"@type":"EntryPoint","urlTemplate":"https:\/\/temp.kansleri.fi\/?s={search_term_string}"},"query-input":{"@type":"PropertyValueSpecification","valueRequired":true,"valueName":"search_term_string"}}],"inLanguage":"fi"},{"@type":"Person","@id":"https:\/\/temp.kansleri.fi\/#\/schema\/person\/72faf126d17cfcc8c60c2e0faf999ac0","name":"admin","image":{"@type":"ImageObject","inLanguage":"fi","@id":"https:\/\/temp.kansleri.fi\/#\/schema\/person\/image\/","url":"https:\/\/secure.gravatar.com\/avatar\/69913d593fe9337bd9fbeac2414da28c2e8a4d1cfecd2d9d0cc976858ff9b1c3?s=96&d=mm&r=g","contentUrl":"https:\/\/secure.gravatar.com\/avatar\/69913d593fe9337bd9fbeac2414da28c2e8a4d1cfecd2d9d0cc976858ff9b1c3?s=96&d=mm&r=g","caption":"admin"},"url":"https:\/\/temp.kansleri.fi\/fi\/author\/admin\/"}]}},"_links":{"self":[{"href":"https:\/\/temp.kansleri.fi\/fi\/wp-json\/wp\/v2\/posts\/6362","targetHints":{"allow":["GET"]}}],"collection":[{"href":"https:\/\/temp.kansleri.fi\/fi\/wp-json\/wp\/v2\/posts"}],"about":[{"href":"https:\/\/temp.kansleri.fi\/fi\/wp-json\/wp\/v2\/types\/post"}],"author":[{"embeddable":true,"href":"https:\/\/temp.kansleri.fi\/fi\/wp-json\/wp\/v2\/users\/1"}],"replies":[{"embeddable":true,"href":"https:\/\/temp.kansleri.fi\/fi\/wp-json\/wp\/v2\/comments?post=6362"}],"version-history":[{"count":1,"href":"https:\/\/temp.kansleri.fi\/fi\/wp-json\/wp\/v2\/posts\/6362\/revisions"}],"predecessor-version":[{"id":11923,"href":"https:\/\/temp.kansleri.fi\/fi\/wp-json\/wp\/v2\/posts\/6362\/revisions\/11923"}],"wp:attachment":[{"href":"https:\/\/temp.kansleri.fi\/fi\/wp-json\/wp\/v2\/media?parent=6362"}],"wp:term":[{"taxonomy":"category","embeddable":true,"href":"https:\/\/temp.kansleri.fi\/fi\/wp-json\/wp\/v2\/categories?post=6362"},{"taxonomy":"post_tag","embeddable":true,"href":"https:\/\/temp.kansleri.fi\/fi\/wp-json\/wp\/v2\/tags?post=6362"}],"curies":[{"name":"wp","href":"https:\/\/api.w.org\/{rel}","templated":true}]}}