{"id":7137,"date":"2014-11-01T12:30:20","date_gmt":"2014-11-01T12:30:20","guid":{"rendered":"https:\/\/temp.kansleri.fi\/?p=7137#2014"},"modified":"2017-04-16T22:24:28","modified_gmt":"2017-04-16T22:24:28","slug":"uudet-lentosaannot-sera-voimaan-ja-aip-muutoksia","status":"publish","type":"post","link":"https:\/\/temp.kansleri.fi\/fi\/uudet-lentosaannot-sera-voimaan-ja-aip-muutoksia\/","title":{"rendered":"Uudet lentos\u00e4\u00e4nn\u00f6t (SERA) voimaan ja AIP muutoksia"},"content":{"rendered":"<p>EU:n yhteiset lentos\u00e4\u00e4nn\u00f6t (Standardised European Rules of the Air, SERA) tulevat sovellettaviksi aiemmin noudatettujen kansallisten lentos\u00e4\u00e4nt\u00f6jen tilalle.\u00a0<a href=\"http:\/\/tinyurl.com\/sera2014\" target=\"_blank\">SERA<\/a> on tarkoitus ottaa k\u00e4ytt\u00f6\u00f6n Suomessa 13.11.2014 eli samana p\u00e4iv\u00e4n\u00e4 kuin ilmatilarakenteiden uudistus astuu voimaan.<br \/>\n<!--more--><\/p>\n<h3>T\u00e4rkeimm\u00e4t muutokset<\/h3>\n<p>Seuraavat ovat keskeisimm\u00e4t muutokset siirrytt\u00e4ess\u00e4 nykyisist\u00e4 kansallisista lentos\u00e4\u00e4nn\u00f6ist\u00e4 EU:n yhteisiin lentos\u00e4\u00e4nt\u00f6ihin:<\/p>\n<ul>\n<li><strong>EFHF<\/strong>: EFHK TMA laajenee, uusi ilmatilajako ja uusi ilmoittautumispaikka RASTI.<\/li>\n<li>G+ -ilmatilaluokka poistuu. Lentopaikan lentotiedotusvy\u00f6hykkeet muuttuvat ilmatilauudistuksen my\u00f6t\u00e4 ilmatilaluokaksi G, joissa on voimassa vaatimus radioyhteydest\u00e4 (ns. radiovy\u00f6hyke).<\/li>\n<li>Y\u00f6n m\u00e4\u00e4ritelm\u00e4 muuttuu siten, ett\u00e4 y\u00f6 on aika iltah\u00e4m\u00e4r\u00e4n p\u00e4\u00e4ttymisest\u00e4 aamuh\u00e4m\u00e4r\u00e4n alka\u00c2\u00admiseen. H\u00e4m\u00e4r\u00e4 p\u00e4\u00e4ttyy illalla, kun auringon keskipiste on 6 astetta horisontin alapuolella ja alkaa aamulla, kun au\u00c2\u00adringon keskipiste on 6 astetta horisontin alapuolella. Auringon nousu- ja laskutaulukot l\u00f6ytyv\u00e4t\u00a0<a href=\"https:\/\/ais.fi\/ais\/eaip\/pdf\/amdt\/amdt2\/EF_AMDT_A_2014_2_part_1_en.pdf#page=99\">ilmailuk\u00e4sikirjan p\u00e4ivityksen osasta GEN 2.7<\/a>.<\/li>\n<li>Y\u00f6-VFR -lentojen s\u00e4\u00e4minimit muuttuvat: alin pilvikorkeus 1500 jalkaa ja n\u00e4kyvyys v\u00e4hint\u00e4\u00e4n 5 kilometri\u00e4.<\/li>\n<li>Erityis-VFR edellytykset muuttuvat: p\u00e4iv\u00e4ll\u00e4 pilvikorkeus v\u00e4hint\u00e4\u00e4n 600 jalkaa ja n\u00e4kyvyys v\u00e4hint\u00e4\u00e4n 1,5km. Y\u00f6ll\u00e4 erityis-VFR sallitaan vain toimivaltaisen viranomaisen luvalla.\u00a0<a href=\"http:\/\/www.trafi.fi\/tietoa_trafista\/ajankohtaista\/2850\/lausuntopyynto_eu_n_yhteisten_lentosaantojen_edellyttamat_muutokset_kansallisiin_maarayksiin\" target=\"_blank\">Lausuntokierroksella olleessa ilmailum\u00e4\u00e4r\u00e4yksen OPS M1-1 luonnoksessa<\/a>\u00a0todetaan, ett\u00e4 erityis-VFR-lennon saa suorittaa my\u00f6s y\u00f6ll\u00e4.<\/li>\n<li>Uudet m\u00e4\u00e4ritelm\u00e4t: Radiovy\u00f6hyke (RMZ-vy\u00f6hyke) ja transponderivy\u00f6hyke (TMZ-vy\u00f6hyke).<\/li>\n<\/ul>\n","protected":false},"excerpt":{"rendered":"<p>EU:n yhteiset lentos\u00e4\u00e4nn\u00f6t (Standardised European Rules of the Air, SERA) tulevat sovellettaviksi aiemmin noudatettujen kansallisten lentos\u00e4\u00e4nt\u00f6jen tilalle.\u00a0SERA on tarkoitus ottaa k\u00e4ytt\u00f6\u00f6n Suomessa 13.11.2014 eli samana p\u00e4iv\u00e4n\u00e4 kuin ilmatilarakenteiden uudistus astuu voimaan.<\/p>\n","protected":false},"author":1,"featured_media":0,"comment_status":"closed","ping_status":"closed","sticky":false,"template":"","format":"standard","meta":{"footnotes":""},"categories":[20],"tags":[],"class_list":["post-7137","post","type-post","status-publish","format-standard","hentry","category-uutiset"],"yoast_head":"<!-- This site is optimized with the Yoast SEO plugin v27.1.1 - https:\/\/yoast.com\/product\/yoast-seo-wordpress\/ -->\n<title>Uudet lentos\u00e4\u00e4nn\u00f6t (SERA) voimaan ja AIP muutoksia - Aeropole<\/title>\n<meta name=\"robots\" content=\"index, follow, max-snippet:-1, max-image-preview:large, max-video-preview:-1\" \/>\n<link rel=\"canonical\" href=\"https:\/\/temp.kansleri.fi\/fi\/uudet-lentosaannot-sera-voimaan-ja-aip-muutoksia\/\" \/>\n<meta property=\"og:locale\" content=\"fi_FI\" \/>\n<meta property=\"og:type\" content=\"article\" \/>\n<meta property=\"og:title\" content=\"Uudet lentos\u00e4\u00e4nn\u00f6t (SERA) voimaan ja AIP muutoksia - Aeropole\" \/>\n<meta property=\"og:description\" content=\"EU:n yhteiset lentos\u00e4\u00e4nn\u00f6t (Standardised European Rules of the Air, SERA) tulevat sovellettaviksi aiemmin noudatettujen kansallisten lentos\u00e4\u00e4nt\u00f6jen tilalle.\u00a0SERA on tarkoitus ottaa k\u00e4ytt\u00f6\u00f6n Suomessa 13.11.2014 eli samana p\u00e4iv\u00e4n\u00e4 kuin ilmatilarakenteiden uudistus astuu voimaan.\" \/>\n<meta property=\"og:url\" content=\"https:\/\/temp.kansleri.fi\/fi\/uudet-lentosaannot-sera-voimaan-ja-aip-muutoksia\/\" \/>\n<meta property=\"og:site_name\" content=\"Aeropole\" \/>\n<meta property=\"article:published_time\" content=\"2014-11-01T12:30:20+00:00\" \/>\n<meta property=\"article:modified_time\" content=\"2017-04-16T22:24:28+00:00\" \/>\n<meta name=\"author\" content=\"admin\" \/>\n<meta name=\"twitter:card\" content=\"summary_large_image\" \/>\n<meta name=\"twitter:label1\" content=\"Kirjoittanut\" \/>\n\t<meta name=\"twitter:data1\" content=\"admin\" \/>\n\t<meta name=\"twitter:label2\" content=\"Arvioitu lukuaika\" \/>\n\t<meta name=\"twitter:data2\" content=\"1 minuutti\" \/>\n<script type=\"application\/ld+json\" class=\"yoast-schema-graph\">{\"@context\":\"https:\/\/schema.org\",\"@graph\":[{\"@type\":\"Article\",\"@id\":\"https:\/\/temp.kansleri.fi\/fi\/uudet-lentosaannot-sera-voimaan-ja-aip-muutoksia\/#article\",\"isPartOf\":{\"@id\":\"https:\/\/temp.kansleri.fi\/fi\/uudet-lentosaannot-sera-voimaan-ja-aip-muutoksia\/\"},\"author\":{\"name\":\"admin\",\"@id\":\"https:\/\/temp.kansleri.fi\/#\/schema\/person\/72faf126d17cfcc8c60c2e0faf999ac0\"},\"headline\":\"Uudet lentos\u00e4\u00e4nn\u00f6t (SERA) voimaan ja AIP muutoksia\",\"datePublished\":\"2014-11-01T12:30:20+00:00\",\"dateModified\":\"2017-04-16T22:24:28+00:00\",\"mainEntityOfPage\":{\"@id\":\"https:\/\/temp.kansleri.fi\/fi\/uudet-lentosaannot-sera-voimaan-ja-aip-muutoksia\/\"},\"wordCount\":233,\"articleSection\":[\"Uutiset\"],\"inLanguage\":\"fi\"},{\"@type\":\"WebPage\",\"@id\":\"https:\/\/temp.kansleri.fi\/fi\/uudet-lentosaannot-sera-voimaan-ja-aip-muutoksia\/\",\"url\":\"https:\/\/temp.kansleri.fi\/fi\/uudet-lentosaannot-sera-voimaan-ja-aip-muutoksia\/\",\"name\":\"Uudet lentos\u00e4\u00e4nn\u00f6t (SERA) voimaan ja AIP muutoksia - Aeropole\",\"isPartOf\":{\"@id\":\"https:\/\/temp.kansleri.fi\/#website\"},\"datePublished\":\"2014-11-01T12:30:20+00:00\",\"dateModified\":\"2017-04-16T22:24:28+00:00\",\"author\":{\"@id\":\"https:\/\/temp.kansleri.fi\/#\/schema\/person\/72faf126d17cfcc8c60c2e0faf999ac0\"},\"breadcrumb\":{\"@id\":\"https:\/\/temp.kansleri.fi\/fi\/uudet-lentosaannot-sera-voimaan-ja-aip-muutoksia\/#breadcrumb\"},\"inLanguage\":\"fi\",\"potentialAction\":[{\"@type\":\"ReadAction\",\"target\":[\"https:\/\/temp.kansleri.fi\/fi\/uudet-lentosaannot-sera-voimaan-ja-aip-muutoksia\/\"]}]},{\"@type\":\"BreadcrumbList\",\"@id\":\"https:\/\/temp.kansleri.fi\/fi\/uudet-lentosaannot-sera-voimaan-ja-aip-muutoksia\/#breadcrumb\",\"itemListElement\":[{\"@type\":\"ListItem\",\"position\":1,\"name\":\"Home\",\"item\":\"https:\/\/temp.kansleri.fi\/fi\/\"},{\"@type\":\"ListItem\",\"position\":2,\"name\":\"Uudet lentos\u00e4\u00e4nn\u00f6t (SERA) voimaan ja AIP muutoksia\"}]},{\"@type\":\"WebSite\",\"@id\":\"https:\/\/temp.kansleri.fi\/#website\",\"url\":\"https:\/\/temp.kansleri.fi\/\",\"name\":\"Aeropole\",\"description\":\"Aviation Academy, Aircraft Sales and Maintenance\",\"potentialAction\":[{\"@type\":\"SearchAction\",\"target\":{\"@type\":\"EntryPoint\",\"urlTemplate\":\"https:\/\/temp.kansleri.fi\/?s={search_term_string}\"},\"query-input\":{\"@type\":\"PropertyValueSpecification\",\"valueRequired\":true,\"valueName\":\"search_term_string\"}}],\"inLanguage\":\"fi\"},{\"@type\":\"Person\",\"@id\":\"https:\/\/temp.kansleri.fi\/#\/schema\/person\/72faf126d17cfcc8c60c2e0faf999ac0\",\"name\":\"admin\",\"image\":{\"@type\":\"ImageObject\",\"inLanguage\":\"fi\",\"@id\":\"https:\/\/temp.kansleri.fi\/#\/schema\/person\/image\/\",\"url\":\"https:\/\/secure.gravatar.com\/avatar\/69913d593fe9337bd9fbeac2414da28c2e8a4d1cfecd2d9d0cc976858ff9b1c3?s=96&d=mm&r=g\",\"contentUrl\":\"https:\/\/secure.gravatar.com\/avatar\/69913d593fe9337bd9fbeac2414da28c2e8a4d1cfecd2d9d0cc976858ff9b1c3?s=96&d=mm&r=g\",\"caption\":\"admin\"},\"url\":\"https:\/\/temp.kansleri.fi\/fi\/author\/admin\/\"}]}<\/script>\n<!-- \/ Yoast SEO plugin. -->","yoast_head_json":{"title":"Uudet lentos\u00e4\u00e4nn\u00f6t (SERA) voimaan ja AIP muutoksia - Aeropole","robots":{"index":"index","follow":"follow","max-snippet":"max-snippet:-1","max-image-preview":"max-image-preview:large","max-video-preview":"max-video-preview:-1"},"canonical":"https:\/\/temp.kansleri.fi\/fi\/uudet-lentosaannot-sera-voimaan-ja-aip-muutoksia\/","og_locale":"fi_FI","og_type":"article","og_title":"Uudet lentos\u00e4\u00e4nn\u00f6t (SERA) voimaan ja AIP muutoksia - Aeropole","og_description":"EU:n yhteiset lentos\u00e4\u00e4nn\u00f6t (Standardised European Rules of the Air, SERA) tulevat sovellettaviksi aiemmin noudatettujen kansallisten lentos\u00e4\u00e4nt\u00f6jen tilalle.\u00a0SERA on tarkoitus ottaa k\u00e4ytt\u00f6\u00f6n Suomessa 13.11.2014 eli samana p\u00e4iv\u00e4n\u00e4 kuin ilmatilarakenteiden uudistus astuu voimaan.","og_url":"https:\/\/temp.kansleri.fi\/fi\/uudet-lentosaannot-sera-voimaan-ja-aip-muutoksia\/","og_site_name":"Aeropole","article_published_time":"2014-11-01T12:30:20+00:00","article_modified_time":"2017-04-16T22:24:28+00:00","author":"admin","twitter_card":"summary_large_image","twitter_misc":{"Kirjoittanut":"admin","Arvioitu lukuaika":"1 minuutti"},"schema":{"@context":"https:\/\/schema.org","@graph":[{"@type":"Article","@id":"https:\/\/temp.kansleri.fi\/fi\/uudet-lentosaannot-sera-voimaan-ja-aip-muutoksia\/#article","isPartOf":{"@id":"https:\/\/temp.kansleri.fi\/fi\/uudet-lentosaannot-sera-voimaan-ja-aip-muutoksia\/"},"author":{"name":"admin","@id":"https:\/\/temp.kansleri.fi\/#\/schema\/person\/72faf126d17cfcc8c60c2e0faf999ac0"},"headline":"Uudet lentos\u00e4\u00e4nn\u00f6t (SERA) voimaan ja AIP muutoksia","datePublished":"2014-11-01T12:30:20+00:00","dateModified":"2017-04-16T22:24:28+00:00","mainEntityOfPage":{"@id":"https:\/\/temp.kansleri.fi\/fi\/uudet-lentosaannot-sera-voimaan-ja-aip-muutoksia\/"},"wordCount":233,"articleSection":["Uutiset"],"inLanguage":"fi"},{"@type":"WebPage","@id":"https:\/\/temp.kansleri.fi\/fi\/uudet-lentosaannot-sera-voimaan-ja-aip-muutoksia\/","url":"https:\/\/temp.kansleri.fi\/fi\/uudet-lentosaannot-sera-voimaan-ja-aip-muutoksia\/","name":"Uudet lentos\u00e4\u00e4nn\u00f6t (SERA) voimaan ja AIP muutoksia - Aeropole","isPartOf":{"@id":"https:\/\/temp.kansleri.fi\/#website"},"datePublished":"2014-11-01T12:30:20+00:00","dateModified":"2017-04-16T22:24:28+00:00","author":{"@id":"https:\/\/temp.kansleri.fi\/#\/schema\/person\/72faf126d17cfcc8c60c2e0faf999ac0"},"breadcrumb":{"@id":"https:\/\/temp.kansleri.fi\/fi\/uudet-lentosaannot-sera-voimaan-ja-aip-muutoksia\/#breadcrumb"},"inLanguage":"fi","potentialAction":[{"@type":"ReadAction","target":["https:\/\/temp.kansleri.fi\/fi\/uudet-lentosaannot-sera-voimaan-ja-aip-muutoksia\/"]}]},{"@type":"BreadcrumbList","@id":"https:\/\/temp.kansleri.fi\/fi\/uudet-lentosaannot-sera-voimaan-ja-aip-muutoksia\/#breadcrumb","itemListElement":[{"@type":"ListItem","position":1,"name":"Home","item":"https:\/\/temp.kansleri.fi\/fi\/"},{"@type":"ListItem","position":2,"name":"Uudet lentos\u00e4\u00e4nn\u00f6t (SERA) voimaan ja AIP muutoksia"}]},{"@type":"WebSite","@id":"https:\/\/temp.kansleri.fi\/#website","url":"https:\/\/temp.kansleri.fi\/","name":"Aeropole","description":"Aviation Academy, Aircraft Sales and Maintenance","potentialAction":[{"@type":"SearchAction","target":{"@type":"EntryPoint","urlTemplate":"https:\/\/temp.kansleri.fi\/?s={search_term_string}"},"query-input":{"@type":"PropertyValueSpecification","valueRequired":true,"valueName":"search_term_string"}}],"inLanguage":"fi"},{"@type":"Person","@id":"https:\/\/temp.kansleri.fi\/#\/schema\/person\/72faf126d17cfcc8c60c2e0faf999ac0","name":"admin","image":{"@type":"ImageObject","inLanguage":"fi","@id":"https:\/\/temp.kansleri.fi\/#\/schema\/person\/image\/","url":"https:\/\/secure.gravatar.com\/avatar\/69913d593fe9337bd9fbeac2414da28c2e8a4d1cfecd2d9d0cc976858ff9b1c3?s=96&d=mm&r=g","contentUrl":"https:\/\/secure.gravatar.com\/avatar\/69913d593fe9337bd9fbeac2414da28c2e8a4d1cfecd2d9d0cc976858ff9b1c3?s=96&d=mm&r=g","caption":"admin"},"url":"https:\/\/temp.kansleri.fi\/fi\/author\/admin\/"}]}},"_links":{"self":[{"href":"https:\/\/temp.kansleri.fi\/fi\/wp-json\/wp\/v2\/posts\/7137","targetHints":{"allow":["GET"]}}],"collection":[{"href":"https:\/\/temp.kansleri.fi\/fi\/wp-json\/wp\/v2\/posts"}],"about":[{"href":"https:\/\/temp.kansleri.fi\/fi\/wp-json\/wp\/v2\/types\/post"}],"author":[{"embeddable":true,"href":"https:\/\/temp.kansleri.fi\/fi\/wp-json\/wp\/v2\/users\/1"}],"replies":[{"embeddable":true,"href":"https:\/\/temp.kansleri.fi\/fi\/wp-json\/wp\/v2\/comments?post=7137"}],"version-history":[{"count":1,"href":"https:\/\/temp.kansleri.fi\/fi\/wp-json\/wp\/v2\/posts\/7137\/revisions"}],"predecessor-version":[{"id":11875,"href":"https:\/\/temp.kansleri.fi\/fi\/wp-json\/wp\/v2\/posts\/7137\/revisions\/11875"}],"wp:attachment":[{"href":"https:\/\/temp.kansleri.fi\/fi\/wp-json\/wp\/v2\/media?parent=7137"}],"wp:term":[{"taxonomy":"category","embeddable":true,"href":"https:\/\/temp.kansleri.fi\/fi\/wp-json\/wp\/v2\/categories?post=7137"},{"taxonomy":"post_tag","embeddable":true,"href":"https:\/\/temp.kansleri.fi\/fi\/wp-json\/wp\/v2\/tags?post=7137"}],"curies":[{"name":"wp","href":"https:\/\/api.w.org\/{rel}","templated":true}]}}