{"id":8567,"date":"2015-08-05T09:05:57","date_gmt":"2015-08-05T09:05:57","guid":{"rendered":"https:\/\/temp.kansleri.fi\/?p=8567#2015"},"modified":"2017-04-17T00:23:15","modified_gmt":"2017-04-17T00:23:15","slug":"finland-international-airshow-2015-tapahtuma","status":"publish","type":"post","link":"https:\/\/temp.kansleri.fi\/fi\/finland-international-airshow-2015-tapahtuma\/","title":{"rendered":"Tilap\u00e4isi\u00e4 rajoituksia ja j\u00e4rjestelyit\u00e4 Finland International Airshow 2015 -tapahtuman aikana"},"content":{"rendered":"<p>Finland International Airshow 2015 j\u00e4rjestet\u00e4\u00e4n viikolla 33. Tapahtuma aiheuttaa rajoituksia lentotoimintaan Helsinki-Malmin lentoasemalla ja sen l\u00e4hialueella <!--more--> to 13.8. ja su 16.8. v\u00e4lisen\u00e4 aikana.<\/p>\n<ul>\n<li>Torstai 13.8. klo 16\u201320 LT: Ei laskukierroslent\u00e4mist\u00e4 tai vain l\u00e4hialueelle suuntautuvia lentoja.<\/li>\n<li>Perjantai 14.8. klo 12\u201314 LT:\u00a0Ei laskukierroslent\u00e4mist\u00e4 tai vain l\u00e4hialueelle suuntautuvia lentoja.<\/li>\n<li>Perjantai 14.8. klo 14 LT \u2013 sunnutai 16.8. klo 22 LT: Aeropolen laivasto varattu lenton\u00e4yt\u00f6kseen.<\/li>\n<\/ul>\n<p><a href=\"https:\/\/temp.kansleri.fi\/2015\/08\/05\/fias-2015\/\" target=\"_blank\">Lue lis\u00e4\u00e4 p\u00e4iv\u00e4kohtaisista rajoituksista t\u00e4\u00e4lt\u00e4.<\/a><\/p>\n<p>Tapahtuman omat sivut: <a href=\"http:\/\/www.finlandairshow.fi\/\">http:\/\/www.finlandairshow.fi\/<\/a><\/p>\n","protected":false},"excerpt":{"rendered":"<p>Finland International Airshow 2015 j\u00e4rjestet\u00e4\u00e4n viikolla 33. Tapahtuma aiheuttaa rajoituksia lentotoimintaan Helsinki-Malmin lentoasemalla ja sen l\u00e4hialueella<\/p>\n","protected":false},"author":1,"featured_media":0,"comment_status":"closed","ping_status":"closed","sticky":false,"template":"","format":"standard","meta":{"footnotes":""},"categories":[20],"tags":[],"class_list":["post-8567","post","type-post","status-publish","format-standard","hentry","category-uutiset"],"yoast_head":"<!-- This site is optimized with the Yoast SEO plugin v27.1.1 - https:\/\/yoast.com\/product\/yoast-seo-wordpress\/ -->\n<title>Tilap\u00e4isi\u00e4 rajoituksia ja j\u00e4rjestelyit\u00e4 Finland International Airshow 2015 -tapahtuman aikana - Aeropole<\/title>\n<meta name=\"robots\" content=\"index, follow, max-snippet:-1, max-image-preview:large, max-video-preview:-1\" \/>\n<link rel=\"canonical\" href=\"https:\/\/temp.kansleri.fi\/fi\/finland-international-airshow-2015-tapahtuma\/\" \/>\n<meta property=\"og:locale\" content=\"fi_FI\" \/>\n<meta property=\"og:type\" content=\"article\" \/>\n<meta property=\"og:title\" content=\"Tilap\u00e4isi\u00e4 rajoituksia ja j\u00e4rjestelyit\u00e4 Finland International Airshow 2015 -tapahtuman aikana - Aeropole\" \/>\n<meta property=\"og:description\" content=\"Finland International Airshow 2015 j\u00e4rjestet\u00e4\u00e4n viikolla 33. Tapahtuma aiheuttaa rajoituksia lentotoimintaan Helsinki-Malmin lentoasemalla ja sen l\u00e4hialueella\" \/>\n<meta property=\"og:url\" content=\"https:\/\/temp.kansleri.fi\/fi\/finland-international-airshow-2015-tapahtuma\/\" \/>\n<meta property=\"og:site_name\" content=\"Aeropole\" \/>\n<meta property=\"article:published_time\" content=\"2015-08-05T09:05:57+00:00\" \/>\n<meta property=\"article:modified_time\" content=\"2017-04-17T00:23:15+00:00\" \/>\n<meta name=\"author\" content=\"admin\" \/>\n<meta name=\"twitter:card\" content=\"summary_large_image\" \/>\n<meta name=\"twitter:label1\" content=\"Kirjoittanut\" \/>\n\t<meta name=\"twitter:data1\" content=\"admin\" \/>\n<script type=\"application\/ld+json\" class=\"yoast-schema-graph\">{\"@context\":\"https:\/\/schema.org\",\"@graph\":[{\"@type\":\"Article\",\"@id\":\"https:\/\/temp.kansleri.fi\/fi\/finland-international-airshow-2015-tapahtuma\/#article\",\"isPartOf\":{\"@id\":\"https:\/\/temp.kansleri.fi\/fi\/finland-international-airshow-2015-tapahtuma\/\"},\"author\":{\"name\":\"admin\",\"@id\":\"https:\/\/temp.kansleri.fi\/#\/schema\/person\/72faf126d17cfcc8c60c2e0faf999ac0\"},\"headline\":\"Tilap\u00e4isi\u00e4 rajoituksia ja j\u00e4rjestelyit\u00e4 Finland International Airshow 2015 -tapahtuman aikana\",\"datePublished\":\"2015-08-05T09:05:57+00:00\",\"dateModified\":\"2017-04-17T00:23:15+00:00\",\"mainEntityOfPage\":{\"@id\":\"https:\/\/temp.kansleri.fi\/fi\/finland-international-airshow-2015-tapahtuma\/\"},\"wordCount\":85,\"articleSection\":[\"Uutiset\"],\"inLanguage\":\"fi\"},{\"@type\":\"WebPage\",\"@id\":\"https:\/\/temp.kansleri.fi\/fi\/finland-international-airshow-2015-tapahtuma\/\",\"url\":\"https:\/\/temp.kansleri.fi\/fi\/finland-international-airshow-2015-tapahtuma\/\",\"name\":\"Tilap\u00e4isi\u00e4 rajoituksia ja j\u00e4rjestelyit\u00e4 Finland International Airshow 2015 -tapahtuman aikana - Aeropole\",\"isPartOf\":{\"@id\":\"https:\/\/temp.kansleri.fi\/#website\"},\"datePublished\":\"2015-08-05T09:05:57+00:00\",\"dateModified\":\"2017-04-17T00:23:15+00:00\",\"author\":{\"@id\":\"https:\/\/temp.kansleri.fi\/#\/schema\/person\/72faf126d17cfcc8c60c2e0faf999ac0\"},\"breadcrumb\":{\"@id\":\"https:\/\/temp.kansleri.fi\/fi\/finland-international-airshow-2015-tapahtuma\/#breadcrumb\"},\"inLanguage\":\"fi\",\"potentialAction\":[{\"@type\":\"ReadAction\",\"target\":[\"https:\/\/temp.kansleri.fi\/fi\/finland-international-airshow-2015-tapahtuma\/\"]}]},{\"@type\":\"BreadcrumbList\",\"@id\":\"https:\/\/temp.kansleri.fi\/fi\/finland-international-airshow-2015-tapahtuma\/#breadcrumb\",\"itemListElement\":[{\"@type\":\"ListItem\",\"position\":1,\"name\":\"Home\",\"item\":\"https:\/\/temp.kansleri.fi\/fi\/\"},{\"@type\":\"ListItem\",\"position\":2,\"name\":\"Tilap\u00e4isi\u00e4 rajoituksia ja j\u00e4rjestelyit\u00e4 Finland International Airshow 2015 -tapahtuman aikana\"}]},{\"@type\":\"WebSite\",\"@id\":\"https:\/\/temp.kansleri.fi\/#website\",\"url\":\"https:\/\/temp.kansleri.fi\/\",\"name\":\"Aeropole\",\"description\":\"Aviation Academy, Aircraft Sales and Maintenance\",\"potentialAction\":[{\"@type\":\"SearchAction\",\"target\":{\"@type\":\"EntryPoint\",\"urlTemplate\":\"https:\/\/temp.kansleri.fi\/?s={search_term_string}\"},\"query-input\":{\"@type\":\"PropertyValueSpecification\",\"valueRequired\":true,\"valueName\":\"search_term_string\"}}],\"inLanguage\":\"fi\"},{\"@type\":\"Person\",\"@id\":\"https:\/\/temp.kansleri.fi\/#\/schema\/person\/72faf126d17cfcc8c60c2e0faf999ac0\",\"name\":\"admin\",\"image\":{\"@type\":\"ImageObject\",\"inLanguage\":\"fi\",\"@id\":\"https:\/\/temp.kansleri.fi\/#\/schema\/person\/image\/\",\"url\":\"https:\/\/secure.gravatar.com\/avatar\/69913d593fe9337bd9fbeac2414da28c2e8a4d1cfecd2d9d0cc976858ff9b1c3?s=96&d=mm&r=g\",\"contentUrl\":\"https:\/\/secure.gravatar.com\/avatar\/69913d593fe9337bd9fbeac2414da28c2e8a4d1cfecd2d9d0cc976858ff9b1c3?s=96&d=mm&r=g\",\"caption\":\"admin\"},\"url\":\"https:\/\/temp.kansleri.fi\/fi\/author\/admin\/\"}]}<\/script>\n<!-- \/ Yoast SEO plugin. -->","yoast_head_json":{"title":"Tilap\u00e4isi\u00e4 rajoituksia ja j\u00e4rjestelyit\u00e4 Finland International Airshow 2015 -tapahtuman aikana - Aeropole","robots":{"index":"index","follow":"follow","max-snippet":"max-snippet:-1","max-image-preview":"max-image-preview:large","max-video-preview":"max-video-preview:-1"},"canonical":"https:\/\/temp.kansleri.fi\/fi\/finland-international-airshow-2015-tapahtuma\/","og_locale":"fi_FI","og_type":"article","og_title":"Tilap\u00e4isi\u00e4 rajoituksia ja j\u00e4rjestelyit\u00e4 Finland International Airshow 2015 -tapahtuman aikana - Aeropole","og_description":"Finland International Airshow 2015 j\u00e4rjestet\u00e4\u00e4n viikolla 33. Tapahtuma aiheuttaa rajoituksia lentotoimintaan Helsinki-Malmin lentoasemalla ja sen l\u00e4hialueella","og_url":"https:\/\/temp.kansleri.fi\/fi\/finland-international-airshow-2015-tapahtuma\/","og_site_name":"Aeropole","article_published_time":"2015-08-05T09:05:57+00:00","article_modified_time":"2017-04-17T00:23:15+00:00","author":"admin","twitter_card":"summary_large_image","twitter_misc":{"Kirjoittanut":"admin"},"schema":{"@context":"https:\/\/schema.org","@graph":[{"@type":"Article","@id":"https:\/\/temp.kansleri.fi\/fi\/finland-international-airshow-2015-tapahtuma\/#article","isPartOf":{"@id":"https:\/\/temp.kansleri.fi\/fi\/finland-international-airshow-2015-tapahtuma\/"},"author":{"name":"admin","@id":"https:\/\/temp.kansleri.fi\/#\/schema\/person\/72faf126d17cfcc8c60c2e0faf999ac0"},"headline":"Tilap\u00e4isi\u00e4 rajoituksia ja j\u00e4rjestelyit\u00e4 Finland International Airshow 2015 -tapahtuman aikana","datePublished":"2015-08-05T09:05:57+00:00","dateModified":"2017-04-17T00:23:15+00:00","mainEntityOfPage":{"@id":"https:\/\/temp.kansleri.fi\/fi\/finland-international-airshow-2015-tapahtuma\/"},"wordCount":85,"articleSection":["Uutiset"],"inLanguage":"fi"},{"@type":"WebPage","@id":"https:\/\/temp.kansleri.fi\/fi\/finland-international-airshow-2015-tapahtuma\/","url":"https:\/\/temp.kansleri.fi\/fi\/finland-international-airshow-2015-tapahtuma\/","name":"Tilap\u00e4isi\u00e4 rajoituksia ja j\u00e4rjestelyit\u00e4 Finland International Airshow 2015 -tapahtuman aikana - Aeropole","isPartOf":{"@id":"https:\/\/temp.kansleri.fi\/#website"},"datePublished":"2015-08-05T09:05:57+00:00","dateModified":"2017-04-17T00:23:15+00:00","author":{"@id":"https:\/\/temp.kansleri.fi\/#\/schema\/person\/72faf126d17cfcc8c60c2e0faf999ac0"},"breadcrumb":{"@id":"https:\/\/temp.kansleri.fi\/fi\/finland-international-airshow-2015-tapahtuma\/#breadcrumb"},"inLanguage":"fi","potentialAction":[{"@type":"ReadAction","target":["https:\/\/temp.kansleri.fi\/fi\/finland-international-airshow-2015-tapahtuma\/"]}]},{"@type":"BreadcrumbList","@id":"https:\/\/temp.kansleri.fi\/fi\/finland-international-airshow-2015-tapahtuma\/#breadcrumb","itemListElement":[{"@type":"ListItem","position":1,"name":"Home","item":"https:\/\/temp.kansleri.fi\/fi\/"},{"@type":"ListItem","position":2,"name":"Tilap\u00e4isi\u00e4 rajoituksia ja j\u00e4rjestelyit\u00e4 Finland International Airshow 2015 -tapahtuman aikana"}]},{"@type":"WebSite","@id":"https:\/\/temp.kansleri.fi\/#website","url":"https:\/\/temp.kansleri.fi\/","name":"Aeropole","description":"Aviation Academy, Aircraft Sales and Maintenance","potentialAction":[{"@type":"SearchAction","target":{"@type":"EntryPoint","urlTemplate":"https:\/\/temp.kansleri.fi\/?s={search_term_string}"},"query-input":{"@type":"PropertyValueSpecification","valueRequired":true,"valueName":"search_term_string"}}],"inLanguage":"fi"},{"@type":"Person","@id":"https:\/\/temp.kansleri.fi\/#\/schema\/person\/72faf126d17cfcc8c60c2e0faf999ac0","name":"admin","image":{"@type":"ImageObject","inLanguage":"fi","@id":"https:\/\/temp.kansleri.fi\/#\/schema\/person\/image\/","url":"https:\/\/secure.gravatar.com\/avatar\/69913d593fe9337bd9fbeac2414da28c2e8a4d1cfecd2d9d0cc976858ff9b1c3?s=96&d=mm&r=g","contentUrl":"https:\/\/secure.gravatar.com\/avatar\/69913d593fe9337bd9fbeac2414da28c2e8a4d1cfecd2d9d0cc976858ff9b1c3?s=96&d=mm&r=g","caption":"admin"},"url":"https:\/\/temp.kansleri.fi\/fi\/author\/admin\/"}]}},"_links":{"self":[{"href":"https:\/\/temp.kansleri.fi\/fi\/wp-json\/wp\/v2\/posts\/8567","targetHints":{"allow":["GET"]}}],"collection":[{"href":"https:\/\/temp.kansleri.fi\/fi\/wp-json\/wp\/v2\/posts"}],"about":[{"href":"https:\/\/temp.kansleri.fi\/fi\/wp-json\/wp\/v2\/types\/post"}],"author":[{"embeddable":true,"href":"https:\/\/temp.kansleri.fi\/fi\/wp-json\/wp\/v2\/users\/1"}],"replies":[{"embeddable":true,"href":"https:\/\/temp.kansleri.fi\/fi\/wp-json\/wp\/v2\/comments?post=8567"}],"version-history":[{"count":2,"href":"https:\/\/temp.kansleri.fi\/fi\/wp-json\/wp\/v2\/posts\/8567\/revisions"}],"predecessor-version":[{"id":11705,"href":"https:\/\/temp.kansleri.fi\/fi\/wp-json\/wp\/v2\/posts\/8567\/revisions\/11705"}],"wp:attachment":[{"href":"https:\/\/temp.kansleri.fi\/fi\/wp-json\/wp\/v2\/media?parent=8567"}],"wp:term":[{"taxonomy":"category","embeddable":true,"href":"https:\/\/temp.kansleri.fi\/fi\/wp-json\/wp\/v2\/categories?post=8567"},{"taxonomy":"post_tag","embeddable":true,"href":"https:\/\/temp.kansleri.fi\/fi\/wp-json\/wp\/v2\/tags?post=8567"}],"curies":[{"name":"wp","href":"https:\/\/api.w.org\/{rel}","templated":true}]}}