{"id":8810,"date":"2015-09-04T18:46:20","date_gmt":"2015-09-04T18:46:20","guid":{"rendered":"https:\/\/temp.kansleri.fi\/?p=8810#2015"},"modified":"2017-04-16T23:26:45","modified_gmt":"2017-04-16T23:26:45","slug":"lennonopettajien-kertausseminaari-4-5-11-2015","status":"publish","type":"post","link":"https:\/\/temp.kansleri.fi\/fi\/lennonopettajien-kertausseminaari-4-5-11-2015\/","title":{"rendered":"Lennonopettajien kertausseminaari 4.-5.11.2015"},"content":{"rendered":"<p>Aeropole j\u00e4rjest\u00e4\u00e4\u00a0lennonopettajien (FI\/IRI) kertausseminaarin\u00a04.-5.11.2015 klo 14-20.<br \/>\n<!--more--> Tilaisuus on kaksip\u00e4iv\u00e4inen. Tule p\u00e4ivitt\u00e4m\u00e4\u00e4n osaamisesi ja ammattitaitosi \u2014 taatulla Aeropolen laadulla!<\/p>\n<p>Seminaarin aihepiirein\u00e4 ovat lennonopetuksen pedagogia, oppiminen ja opettamismenetelm\u00e4t, turvallisuuskoulutus, sek\u00e4 uusinta tietoa kent\u00e4lt\u00e4, mm. s\u00e4\u00e4d\u00f6ksista ja RNAV-tekniikasta.<\/p>\n<p>Kurssille on p\u00e4\u00e4syvaatimuksia.\u00a0Kurssille otetaan hakemuksesta soveliaimmiksi katsomamme henkil\u00f6t ja osallistujam\u00e4\u00e4r\u00e4 on rajattu.<\/p>\n<p>Lis\u00e4tietoja kurssista saat Aeropolen toimistolta tai osoitteesta info@temp.kansleri.fi \/ p. 09 5627 4600. L\u00e4het\u00e4 lyhyt vapaamuotoinen hakemuksesi viimeist\u00e4\u00e4n 30.10.2015\u00a0 s\u00e4hk\u00f6postilla tai\u00a0<a title=\"Ota yhteytt\u00e4!\" href=\"https:\/\/temp.kansleri.fi\/fi\/yhteystiedot\/\">t\u00e4st\u00e4<\/a>. Kurssin hinta on 315 \u20ac (sis. alv 24%).<\/p>\n<p>Tervetuloa mukaan!<\/p>\n","protected":false},"excerpt":{"rendered":"<p>Aeropole j\u00e4rjest\u00e4\u00e4\u00a0lennonopettajien (FI\/IRI) kertausseminaarin\u00a04.-5.11.2015 klo 14-20.<\/p>\n","protected":false},"author":1,"featured_media":0,"comment_status":"closed","ping_status":"closed","sticky":false,"template":"","format":"standard","meta":{"footnotes":""},"categories":[20],"tags":[],"class_list":["post-8810","post","type-post","status-publish","format-standard","hentry","category-uutiset"],"yoast_head":"<!-- This site is optimized with the Yoast SEO plugin v27.1.1 - https:\/\/yoast.com\/product\/yoast-seo-wordpress\/ -->\n<title>Lennonopettajien kertausseminaari 4.-5.11.2015 - Aeropole<\/title>\n<meta name=\"robots\" content=\"index, follow, max-snippet:-1, max-image-preview:large, max-video-preview:-1\" \/>\n<link rel=\"canonical\" href=\"https:\/\/temp.kansleri.fi\/fi\/lennonopettajien-kertausseminaari-4-5-11-2015\/\" \/>\n<meta property=\"og:locale\" content=\"fi_FI\" \/>\n<meta property=\"og:type\" content=\"article\" \/>\n<meta property=\"og:title\" content=\"Lennonopettajien kertausseminaari 4.-5.11.2015 - Aeropole\" \/>\n<meta property=\"og:description\" content=\"Aeropole j\u00e4rjest\u00e4\u00e4\u00a0lennonopettajien (FI\/IRI) kertausseminaarin\u00a04.-5.11.2015 klo 14-20.\" \/>\n<meta property=\"og:url\" content=\"https:\/\/temp.kansleri.fi\/fi\/lennonopettajien-kertausseminaari-4-5-11-2015\/\" \/>\n<meta property=\"og:site_name\" content=\"Aeropole\" \/>\n<meta property=\"article:published_time\" content=\"2015-09-04T18:46:20+00:00\" \/>\n<meta property=\"article:modified_time\" content=\"2017-04-16T23:26:45+00:00\" \/>\n<meta name=\"author\" content=\"admin\" \/>\n<meta name=\"twitter:card\" content=\"summary_large_image\" \/>\n<meta name=\"twitter:label1\" content=\"Kirjoittanut\" \/>\n\t<meta name=\"twitter:data1\" content=\"admin\" \/>\n<script type=\"application\/ld+json\" class=\"yoast-schema-graph\">{\"@context\":\"https:\/\/schema.org\",\"@graph\":[{\"@type\":\"Article\",\"@id\":\"https:\/\/temp.kansleri.fi\/fi\/lennonopettajien-kertausseminaari-4-5-11-2015\/#article\",\"isPartOf\":{\"@id\":\"https:\/\/temp.kansleri.fi\/fi\/lennonopettajien-kertausseminaari-4-5-11-2015\/\"},\"author\":{\"name\":\"admin\",\"@id\":\"https:\/\/temp.kansleri.fi\/#\/schema\/person\/72faf126d17cfcc8c60c2e0faf999ac0\"},\"headline\":\"Lennonopettajien kertausseminaari 4.-5.11.2015\",\"datePublished\":\"2015-09-04T18:46:20+00:00\",\"dateModified\":\"2017-04-16T23:26:45+00:00\",\"mainEntityOfPage\":{\"@id\":\"https:\/\/temp.kansleri.fi\/fi\/lennonopettajien-kertausseminaari-4-5-11-2015\/\"},\"wordCount\":99,\"articleSection\":[\"Uutiset\"],\"inLanguage\":\"fi\"},{\"@type\":\"WebPage\",\"@id\":\"https:\/\/temp.kansleri.fi\/fi\/lennonopettajien-kertausseminaari-4-5-11-2015\/\",\"url\":\"https:\/\/temp.kansleri.fi\/fi\/lennonopettajien-kertausseminaari-4-5-11-2015\/\",\"name\":\"Lennonopettajien kertausseminaari 4.-5.11.2015 - Aeropole\",\"isPartOf\":{\"@id\":\"https:\/\/temp.kansleri.fi\/#website\"},\"datePublished\":\"2015-09-04T18:46:20+00:00\",\"dateModified\":\"2017-04-16T23:26:45+00:00\",\"author\":{\"@id\":\"https:\/\/temp.kansleri.fi\/#\/schema\/person\/72faf126d17cfcc8c60c2e0faf999ac0\"},\"breadcrumb\":{\"@id\":\"https:\/\/temp.kansleri.fi\/fi\/lennonopettajien-kertausseminaari-4-5-11-2015\/#breadcrumb\"},\"inLanguage\":\"fi\",\"potentialAction\":[{\"@type\":\"ReadAction\",\"target\":[\"https:\/\/temp.kansleri.fi\/fi\/lennonopettajien-kertausseminaari-4-5-11-2015\/\"]}]},{\"@type\":\"BreadcrumbList\",\"@id\":\"https:\/\/temp.kansleri.fi\/fi\/lennonopettajien-kertausseminaari-4-5-11-2015\/#breadcrumb\",\"itemListElement\":[{\"@type\":\"ListItem\",\"position\":1,\"name\":\"Home\",\"item\":\"https:\/\/temp.kansleri.fi\/fi\/\"},{\"@type\":\"ListItem\",\"position\":2,\"name\":\"Lennonopettajien kertausseminaari 4.-5.11.2015\"}]},{\"@type\":\"WebSite\",\"@id\":\"https:\/\/temp.kansleri.fi\/#website\",\"url\":\"https:\/\/temp.kansleri.fi\/\",\"name\":\"Aeropole\",\"description\":\"Aviation Academy, Aircraft Sales and Maintenance\",\"potentialAction\":[{\"@type\":\"SearchAction\",\"target\":{\"@type\":\"EntryPoint\",\"urlTemplate\":\"https:\/\/temp.kansleri.fi\/?s={search_term_string}\"},\"query-input\":{\"@type\":\"PropertyValueSpecification\",\"valueRequired\":true,\"valueName\":\"search_term_string\"}}],\"inLanguage\":\"fi\"},{\"@type\":\"Person\",\"@id\":\"https:\/\/temp.kansleri.fi\/#\/schema\/person\/72faf126d17cfcc8c60c2e0faf999ac0\",\"name\":\"admin\",\"image\":{\"@type\":\"ImageObject\",\"inLanguage\":\"fi\",\"@id\":\"https:\/\/temp.kansleri.fi\/#\/schema\/person\/image\/\",\"url\":\"https:\/\/secure.gravatar.com\/avatar\/69913d593fe9337bd9fbeac2414da28c2e8a4d1cfecd2d9d0cc976858ff9b1c3?s=96&d=mm&r=g\",\"contentUrl\":\"https:\/\/secure.gravatar.com\/avatar\/69913d593fe9337bd9fbeac2414da28c2e8a4d1cfecd2d9d0cc976858ff9b1c3?s=96&d=mm&r=g\",\"caption\":\"admin\"},\"url\":\"https:\/\/temp.kansleri.fi\/fi\/author\/admin\/\"}]}<\/script>\n<!-- \/ Yoast SEO plugin. -->","yoast_head_json":{"title":"Lennonopettajien kertausseminaari 4.-5.11.2015 - Aeropole","robots":{"index":"index","follow":"follow","max-snippet":"max-snippet:-1","max-image-preview":"max-image-preview:large","max-video-preview":"max-video-preview:-1"},"canonical":"https:\/\/temp.kansleri.fi\/fi\/lennonopettajien-kertausseminaari-4-5-11-2015\/","og_locale":"fi_FI","og_type":"article","og_title":"Lennonopettajien kertausseminaari 4.-5.11.2015 - Aeropole","og_description":"Aeropole j\u00e4rjest\u00e4\u00e4\u00a0lennonopettajien (FI\/IRI) kertausseminaarin\u00a04.-5.11.2015 klo 14-20.","og_url":"https:\/\/temp.kansleri.fi\/fi\/lennonopettajien-kertausseminaari-4-5-11-2015\/","og_site_name":"Aeropole","article_published_time":"2015-09-04T18:46:20+00:00","article_modified_time":"2017-04-16T23:26:45+00:00","author":"admin","twitter_card":"summary_large_image","twitter_misc":{"Kirjoittanut":"admin"},"schema":{"@context":"https:\/\/schema.org","@graph":[{"@type":"Article","@id":"https:\/\/temp.kansleri.fi\/fi\/lennonopettajien-kertausseminaari-4-5-11-2015\/#article","isPartOf":{"@id":"https:\/\/temp.kansleri.fi\/fi\/lennonopettajien-kertausseminaari-4-5-11-2015\/"},"author":{"name":"admin","@id":"https:\/\/temp.kansleri.fi\/#\/schema\/person\/72faf126d17cfcc8c60c2e0faf999ac0"},"headline":"Lennonopettajien kertausseminaari 4.-5.11.2015","datePublished":"2015-09-04T18:46:20+00:00","dateModified":"2017-04-16T23:26:45+00:00","mainEntityOfPage":{"@id":"https:\/\/temp.kansleri.fi\/fi\/lennonopettajien-kertausseminaari-4-5-11-2015\/"},"wordCount":99,"articleSection":["Uutiset"],"inLanguage":"fi"},{"@type":"WebPage","@id":"https:\/\/temp.kansleri.fi\/fi\/lennonopettajien-kertausseminaari-4-5-11-2015\/","url":"https:\/\/temp.kansleri.fi\/fi\/lennonopettajien-kertausseminaari-4-5-11-2015\/","name":"Lennonopettajien kertausseminaari 4.-5.11.2015 - Aeropole","isPartOf":{"@id":"https:\/\/temp.kansleri.fi\/#website"},"datePublished":"2015-09-04T18:46:20+00:00","dateModified":"2017-04-16T23:26:45+00:00","author":{"@id":"https:\/\/temp.kansleri.fi\/#\/schema\/person\/72faf126d17cfcc8c60c2e0faf999ac0"},"breadcrumb":{"@id":"https:\/\/temp.kansleri.fi\/fi\/lennonopettajien-kertausseminaari-4-5-11-2015\/#breadcrumb"},"inLanguage":"fi","potentialAction":[{"@type":"ReadAction","target":["https:\/\/temp.kansleri.fi\/fi\/lennonopettajien-kertausseminaari-4-5-11-2015\/"]}]},{"@type":"BreadcrumbList","@id":"https:\/\/temp.kansleri.fi\/fi\/lennonopettajien-kertausseminaari-4-5-11-2015\/#breadcrumb","itemListElement":[{"@type":"ListItem","position":1,"name":"Home","item":"https:\/\/temp.kansleri.fi\/fi\/"},{"@type":"ListItem","position":2,"name":"Lennonopettajien kertausseminaari 4.-5.11.2015"}]},{"@type":"WebSite","@id":"https:\/\/temp.kansleri.fi\/#website","url":"https:\/\/temp.kansleri.fi\/","name":"Aeropole","description":"Aviation Academy, Aircraft Sales and Maintenance","potentialAction":[{"@type":"SearchAction","target":{"@type":"EntryPoint","urlTemplate":"https:\/\/temp.kansleri.fi\/?s={search_term_string}"},"query-input":{"@type":"PropertyValueSpecification","valueRequired":true,"valueName":"search_term_string"}}],"inLanguage":"fi"},{"@type":"Person","@id":"https:\/\/temp.kansleri.fi\/#\/schema\/person\/72faf126d17cfcc8c60c2e0faf999ac0","name":"admin","image":{"@type":"ImageObject","inLanguage":"fi","@id":"https:\/\/temp.kansleri.fi\/#\/schema\/person\/image\/","url":"https:\/\/secure.gravatar.com\/avatar\/69913d593fe9337bd9fbeac2414da28c2e8a4d1cfecd2d9d0cc976858ff9b1c3?s=96&d=mm&r=g","contentUrl":"https:\/\/secure.gravatar.com\/avatar\/69913d593fe9337bd9fbeac2414da28c2e8a4d1cfecd2d9d0cc976858ff9b1c3?s=96&d=mm&r=g","caption":"admin"},"url":"https:\/\/temp.kansleri.fi\/fi\/author\/admin\/"}]}},"_links":{"self":[{"href":"https:\/\/temp.kansleri.fi\/fi\/wp-json\/wp\/v2\/posts\/8810","targetHints":{"allow":["GET"]}}],"collection":[{"href":"https:\/\/temp.kansleri.fi\/fi\/wp-json\/wp\/v2\/posts"}],"about":[{"href":"https:\/\/temp.kansleri.fi\/fi\/wp-json\/wp\/v2\/types\/post"}],"author":[{"embeddable":true,"href":"https:\/\/temp.kansleri.fi\/fi\/wp-json\/wp\/v2\/users\/1"}],"replies":[{"embeddable":true,"href":"https:\/\/temp.kansleri.fi\/fi\/wp-json\/wp\/v2\/comments?post=8810"}],"version-history":[{"count":4,"href":"https:\/\/temp.kansleri.fi\/fi\/wp-json\/wp\/v2\/posts\/8810\/revisions"}],"predecessor-version":[{"id":12272,"href":"https:\/\/temp.kansleri.fi\/fi\/wp-json\/wp\/v2\/posts\/8810\/revisions\/12272"}],"wp:attachment":[{"href":"https:\/\/temp.kansleri.fi\/fi\/wp-json\/wp\/v2\/media?parent=8810"}],"wp:term":[{"taxonomy":"category","embeddable":true,"href":"https:\/\/temp.kansleri.fi\/fi\/wp-json\/wp\/v2\/categories?post=8810"},{"taxonomy":"post_tag","embeddable":true,"href":"https:\/\/temp.kansleri.fi\/fi\/wp-json\/wp\/v2\/tags?post=8810"}],"curies":[{"name":"wp","href":"https:\/\/api.w.org\/{rel}","templated":true}]}}