{"id":8865,"date":"2015-09-16T11:21:14","date_gmt":"2015-09-16T11:21:14","guid":{"rendered":"https:\/\/temp.kansleri.fi\/?p=8865#2015"},"modified":"2017-04-16T22:24:28","modified_gmt":"2017-04-16T22:24:28","slug":"tarkkuuslennon-mm-kilpailun-voittaja-mauri-halinen","status":"publish","type":"post","link":"https:\/\/temp.kansleri.fi\/fi\/tarkkuuslennon-mm-kilpailun-voittaja-mauri-halinen\/","title":{"rendered":"Tarkkuuslennon MM-kilpailun voittaja &#8211; Mauri H\u00e4linen"},"content":{"rendered":"<p><strong>FIA World Precision Flying Championship 19.\u201325.7.2015<\/strong><\/p>\n<p>Mauri H\u00e4linen, yksi Aeropolen lennonopettajista, voitti t\u00e4n\u00e4 kes\u00e4n\u00e4 tarkkuuslennon laskukilpailun\u00a0MM-tittelin Tanskan Skivess\u00e4. <!--more--> H\u00e4n sai kilpailusta kaiken kaikkiaan 18\u00a0pistett\u00e4 nelj\u00e4st\u00e4 tarkkuuslaskusta. FIA World Precision Flying Championship j\u00e4rjestettiin jo 22. kertaa. Kilpailuun osallistui kaikkiaan 72 kilpailijaa 19 eri maasta.<\/p>\n<p>H\u00e4linen aloitti lentoharrastuksen vuonna 1974 purjelent\u00e4misest\u00e4 ja on harrastanut tarkkuuslent\u00e4mist\u00e4 jo pitk\u00e4\u00e4n. Tarkkuuslennon SM-kilpailuissa h\u00e4n on ollut mukana jo huimat 35-vuotta. H\u00e4lisen ammattilent\u00e4j\u00e4n ura alkoi 1990-luvulla ja on kest\u00e4nyt nyt 25-vuotta. Nykyisin h\u00e4n lent\u00e4\u00e4 kotimaisella Blue1-lentoyhti\u00f6ll\u00e4 Boeing 717 -matkustajakonetta. <\/p>\n","protected":false},"excerpt":{"rendered":"<p>FIA World Precision Flying Championship 19.\u201325.7.2015 Mauri H\u00e4linen, yksi Aeropolen lennonopettajista, voitti t\u00e4n\u00e4 kes\u00e4n\u00e4 tarkkuuslennon laskukilpailun\u00a0MM-tittelin Tanskan Skivess\u00e4.<\/p>\n","protected":false},"author":1,"featured_media":0,"comment_status":"closed","ping_status":"closed","sticky":false,"template":"","format":"standard","meta":{"footnotes":""},"categories":[20],"tags":[],"class_list":["post-8865","post","type-post","status-publish","format-standard","hentry","category-uutiset"],"yoast_head":"<!-- This site is optimized with the Yoast SEO plugin v27.1.1 - https:\/\/yoast.com\/product\/yoast-seo-wordpress\/ -->\n<title>Tarkkuuslennon MM-kilpailun voittaja - Mauri H\u00e4linen - Aeropole<\/title>\n<meta name=\"robots\" content=\"index, follow, max-snippet:-1, max-image-preview:large, max-video-preview:-1\" \/>\n<link rel=\"canonical\" href=\"https:\/\/temp.kansleri.fi\/fi\/tarkkuuslennon-mm-kilpailun-voittaja-mauri-halinen\/\" \/>\n<meta property=\"og:locale\" content=\"fi_FI\" \/>\n<meta property=\"og:type\" content=\"article\" \/>\n<meta property=\"og:title\" content=\"Tarkkuuslennon MM-kilpailun voittaja - Mauri H\u00e4linen - Aeropole\" \/>\n<meta property=\"og:description\" content=\"FIA World Precision Flying Championship 19.\u201325.7.2015 Mauri H\u00e4linen, yksi Aeropolen lennonopettajista, voitti t\u00e4n\u00e4 kes\u00e4n\u00e4 tarkkuuslennon laskukilpailun\u00a0MM-tittelin Tanskan Skivess\u00e4.\" \/>\n<meta property=\"og:url\" content=\"https:\/\/temp.kansleri.fi\/fi\/tarkkuuslennon-mm-kilpailun-voittaja-mauri-halinen\/\" \/>\n<meta property=\"og:site_name\" content=\"Aeropole\" \/>\n<meta property=\"article:published_time\" content=\"2015-09-16T11:21:14+00:00\" \/>\n<meta property=\"article:modified_time\" content=\"2017-04-16T22:24:28+00:00\" \/>\n<meta name=\"author\" content=\"admin\" \/>\n<meta name=\"twitter:card\" content=\"summary_large_image\" \/>\n<meta name=\"twitter:label1\" content=\"Kirjoittanut\" \/>\n\t<meta name=\"twitter:data1\" content=\"admin\" \/>\n<script type=\"application\/ld+json\" class=\"yoast-schema-graph\">{\"@context\":\"https:\/\/schema.org\",\"@graph\":[{\"@type\":\"Article\",\"@id\":\"https:\/\/temp.kansleri.fi\/fi\/tarkkuuslennon-mm-kilpailun-voittaja-mauri-halinen\/#article\",\"isPartOf\":{\"@id\":\"https:\/\/temp.kansleri.fi\/fi\/tarkkuuslennon-mm-kilpailun-voittaja-mauri-halinen\/\"},\"author\":{\"name\":\"admin\",\"@id\":\"https:\/\/temp.kansleri.fi\/#\/schema\/person\/72faf126d17cfcc8c60c2e0faf999ac0\"},\"headline\":\"Tarkkuuslennon MM-kilpailun voittaja &#8211; Mauri H\u00e4linen\",\"datePublished\":\"2015-09-16T11:21:14+00:00\",\"dateModified\":\"2017-04-16T22:24:28+00:00\",\"mainEntityOfPage\":{\"@id\":\"https:\/\/temp.kansleri.fi\/fi\/tarkkuuslennon-mm-kilpailun-voittaja-mauri-halinen\/\"},\"wordCount\":102,\"articleSection\":[\"Uutiset\"],\"inLanguage\":\"fi\"},{\"@type\":\"WebPage\",\"@id\":\"https:\/\/temp.kansleri.fi\/fi\/tarkkuuslennon-mm-kilpailun-voittaja-mauri-halinen\/\",\"url\":\"https:\/\/temp.kansleri.fi\/fi\/tarkkuuslennon-mm-kilpailun-voittaja-mauri-halinen\/\",\"name\":\"Tarkkuuslennon MM-kilpailun voittaja - Mauri H\u00e4linen - Aeropole\",\"isPartOf\":{\"@id\":\"https:\/\/temp.kansleri.fi\/#website\"},\"datePublished\":\"2015-09-16T11:21:14+00:00\",\"dateModified\":\"2017-04-16T22:24:28+00:00\",\"author\":{\"@id\":\"https:\/\/temp.kansleri.fi\/#\/schema\/person\/72faf126d17cfcc8c60c2e0faf999ac0\"},\"breadcrumb\":{\"@id\":\"https:\/\/temp.kansleri.fi\/fi\/tarkkuuslennon-mm-kilpailun-voittaja-mauri-halinen\/#breadcrumb\"},\"inLanguage\":\"fi\",\"potentialAction\":[{\"@type\":\"ReadAction\",\"target\":[\"https:\/\/temp.kansleri.fi\/fi\/tarkkuuslennon-mm-kilpailun-voittaja-mauri-halinen\/\"]}]},{\"@type\":\"BreadcrumbList\",\"@id\":\"https:\/\/temp.kansleri.fi\/fi\/tarkkuuslennon-mm-kilpailun-voittaja-mauri-halinen\/#breadcrumb\",\"itemListElement\":[{\"@type\":\"ListItem\",\"position\":1,\"name\":\"Home\",\"item\":\"https:\/\/temp.kansleri.fi\/fi\/\"},{\"@type\":\"ListItem\",\"position\":2,\"name\":\"Tarkkuuslennon MM-kilpailun voittaja &#8211; Mauri H\u00e4linen\"}]},{\"@type\":\"WebSite\",\"@id\":\"https:\/\/temp.kansleri.fi\/#website\",\"url\":\"https:\/\/temp.kansleri.fi\/\",\"name\":\"Aeropole\",\"description\":\"Aviation Academy, Aircraft Sales and Maintenance\",\"potentialAction\":[{\"@type\":\"SearchAction\",\"target\":{\"@type\":\"EntryPoint\",\"urlTemplate\":\"https:\/\/temp.kansleri.fi\/?s={search_term_string}\"},\"query-input\":{\"@type\":\"PropertyValueSpecification\",\"valueRequired\":true,\"valueName\":\"search_term_string\"}}],\"inLanguage\":\"fi\"},{\"@type\":\"Person\",\"@id\":\"https:\/\/temp.kansleri.fi\/#\/schema\/person\/72faf126d17cfcc8c60c2e0faf999ac0\",\"name\":\"admin\",\"image\":{\"@type\":\"ImageObject\",\"inLanguage\":\"fi\",\"@id\":\"https:\/\/temp.kansleri.fi\/#\/schema\/person\/image\/\",\"url\":\"https:\/\/secure.gravatar.com\/avatar\/69913d593fe9337bd9fbeac2414da28c2e8a4d1cfecd2d9d0cc976858ff9b1c3?s=96&d=mm&r=g\",\"contentUrl\":\"https:\/\/secure.gravatar.com\/avatar\/69913d593fe9337bd9fbeac2414da28c2e8a4d1cfecd2d9d0cc976858ff9b1c3?s=96&d=mm&r=g\",\"caption\":\"admin\"},\"url\":\"https:\/\/temp.kansleri.fi\/fi\/author\/admin\/\"}]}<\/script>\n<!-- \/ Yoast SEO plugin. -->","yoast_head_json":{"title":"Tarkkuuslennon MM-kilpailun voittaja - Mauri H\u00e4linen - Aeropole","robots":{"index":"index","follow":"follow","max-snippet":"max-snippet:-1","max-image-preview":"max-image-preview:large","max-video-preview":"max-video-preview:-1"},"canonical":"https:\/\/temp.kansleri.fi\/fi\/tarkkuuslennon-mm-kilpailun-voittaja-mauri-halinen\/","og_locale":"fi_FI","og_type":"article","og_title":"Tarkkuuslennon MM-kilpailun voittaja - Mauri H\u00e4linen - Aeropole","og_description":"FIA World Precision Flying Championship 19.\u201325.7.2015 Mauri H\u00e4linen, yksi Aeropolen lennonopettajista, voitti t\u00e4n\u00e4 kes\u00e4n\u00e4 tarkkuuslennon laskukilpailun\u00a0MM-tittelin Tanskan Skivess\u00e4.","og_url":"https:\/\/temp.kansleri.fi\/fi\/tarkkuuslennon-mm-kilpailun-voittaja-mauri-halinen\/","og_site_name":"Aeropole","article_published_time":"2015-09-16T11:21:14+00:00","article_modified_time":"2017-04-16T22:24:28+00:00","author":"admin","twitter_card":"summary_large_image","twitter_misc":{"Kirjoittanut":"admin"},"schema":{"@context":"https:\/\/schema.org","@graph":[{"@type":"Article","@id":"https:\/\/temp.kansleri.fi\/fi\/tarkkuuslennon-mm-kilpailun-voittaja-mauri-halinen\/#article","isPartOf":{"@id":"https:\/\/temp.kansleri.fi\/fi\/tarkkuuslennon-mm-kilpailun-voittaja-mauri-halinen\/"},"author":{"name":"admin","@id":"https:\/\/temp.kansleri.fi\/#\/schema\/person\/72faf126d17cfcc8c60c2e0faf999ac0"},"headline":"Tarkkuuslennon MM-kilpailun voittaja &#8211; Mauri H\u00e4linen","datePublished":"2015-09-16T11:21:14+00:00","dateModified":"2017-04-16T22:24:28+00:00","mainEntityOfPage":{"@id":"https:\/\/temp.kansleri.fi\/fi\/tarkkuuslennon-mm-kilpailun-voittaja-mauri-halinen\/"},"wordCount":102,"articleSection":["Uutiset"],"inLanguage":"fi"},{"@type":"WebPage","@id":"https:\/\/temp.kansleri.fi\/fi\/tarkkuuslennon-mm-kilpailun-voittaja-mauri-halinen\/","url":"https:\/\/temp.kansleri.fi\/fi\/tarkkuuslennon-mm-kilpailun-voittaja-mauri-halinen\/","name":"Tarkkuuslennon MM-kilpailun voittaja - Mauri H\u00e4linen - Aeropole","isPartOf":{"@id":"https:\/\/temp.kansleri.fi\/#website"},"datePublished":"2015-09-16T11:21:14+00:00","dateModified":"2017-04-16T22:24:28+00:00","author":{"@id":"https:\/\/temp.kansleri.fi\/#\/schema\/person\/72faf126d17cfcc8c60c2e0faf999ac0"},"breadcrumb":{"@id":"https:\/\/temp.kansleri.fi\/fi\/tarkkuuslennon-mm-kilpailun-voittaja-mauri-halinen\/#breadcrumb"},"inLanguage":"fi","potentialAction":[{"@type":"ReadAction","target":["https:\/\/temp.kansleri.fi\/fi\/tarkkuuslennon-mm-kilpailun-voittaja-mauri-halinen\/"]}]},{"@type":"BreadcrumbList","@id":"https:\/\/temp.kansleri.fi\/fi\/tarkkuuslennon-mm-kilpailun-voittaja-mauri-halinen\/#breadcrumb","itemListElement":[{"@type":"ListItem","position":1,"name":"Home","item":"https:\/\/temp.kansleri.fi\/fi\/"},{"@type":"ListItem","position":2,"name":"Tarkkuuslennon MM-kilpailun voittaja &#8211; Mauri H\u00e4linen"}]},{"@type":"WebSite","@id":"https:\/\/temp.kansleri.fi\/#website","url":"https:\/\/temp.kansleri.fi\/","name":"Aeropole","description":"Aviation Academy, Aircraft Sales and Maintenance","potentialAction":[{"@type":"SearchAction","target":{"@type":"EntryPoint","urlTemplate":"https:\/\/temp.kansleri.fi\/?s={search_term_string}"},"query-input":{"@type":"PropertyValueSpecification","valueRequired":true,"valueName":"search_term_string"}}],"inLanguage":"fi"},{"@type":"Person","@id":"https:\/\/temp.kansleri.fi\/#\/schema\/person\/72faf126d17cfcc8c60c2e0faf999ac0","name":"admin","image":{"@type":"ImageObject","inLanguage":"fi","@id":"https:\/\/temp.kansleri.fi\/#\/schema\/person\/image\/","url":"https:\/\/secure.gravatar.com\/avatar\/69913d593fe9337bd9fbeac2414da28c2e8a4d1cfecd2d9d0cc976858ff9b1c3?s=96&d=mm&r=g","contentUrl":"https:\/\/secure.gravatar.com\/avatar\/69913d593fe9337bd9fbeac2414da28c2e8a4d1cfecd2d9d0cc976858ff9b1c3?s=96&d=mm&r=g","caption":"admin"},"url":"https:\/\/temp.kansleri.fi\/fi\/author\/admin\/"}]}},"_links":{"self":[{"href":"https:\/\/temp.kansleri.fi\/fi\/wp-json\/wp\/v2\/posts\/8865","targetHints":{"allow":["GET"]}}],"collection":[{"href":"https:\/\/temp.kansleri.fi\/fi\/wp-json\/wp\/v2\/posts"}],"about":[{"href":"https:\/\/temp.kansleri.fi\/fi\/wp-json\/wp\/v2\/types\/post"}],"author":[{"embeddable":true,"href":"https:\/\/temp.kansleri.fi\/fi\/wp-json\/wp\/v2\/users\/1"}],"replies":[{"embeddable":true,"href":"https:\/\/temp.kansleri.fi\/fi\/wp-json\/wp\/v2\/comments?post=8865"}],"version-history":[{"count":1,"href":"https:\/\/temp.kansleri.fi\/fi\/wp-json\/wp\/v2\/posts\/8865\/revisions"}],"predecessor-version":[{"id":12274,"href":"https:\/\/temp.kansleri.fi\/fi\/wp-json\/wp\/v2\/posts\/8865\/revisions\/12274"}],"wp:attachment":[{"href":"https:\/\/temp.kansleri.fi\/fi\/wp-json\/wp\/v2\/media?parent=8865"}],"wp:term":[{"taxonomy":"category","embeddable":true,"href":"https:\/\/temp.kansleri.fi\/fi\/wp-json\/wp\/v2\/categories?post=8865"},{"taxonomy":"post_tag","embeddable":true,"href":"https:\/\/temp.kansleri.fi\/fi\/wp-json\/wp\/v2\/tags?post=8865"}],"curies":[{"name":"wp","href":"https:\/\/api.w.org\/{rel}","templated":true}]}}