{"id":9700,"date":"2016-03-11T22:49:15","date_gmt":"2016-03-11T20:49:15","guid":{"rendered":"https:\/\/temp.kansleri.fi\/?p=9700#2016"},"modified":"2017-04-16T22:24:27","modified_gmt":"2017-04-16T22:24:27","slug":"ylimaarainen-gs-1-maaliskuussa-atplcplir","status":"publish","type":"post","link":"https:\/\/temp.kansleri.fi\/fi\/ylimaarainen-gs-1-maaliskuussa-atplcplir\/","title":{"rendered":"Ylim\u00e4\u00e4r\u00e4inen GS 1 maaliskuussa (ATPL\/CPL\/IR)"},"content":{"rendered":"<p>Lis\u00e4\u00e4ntyneest\u00e4 kysynn\u00e4st\u00e4 johtuen j\u00e4rjest\u00e4mme aiemmin ilmoitettujen l\u00e4hiopetusjaksojen lis\u00e4ksi ylim\u00e4\u00e4r\u00e4isen l\u00e4hiopetusjakson 1 21.-24.3.2016. Oppitunnit pidet\u00e4\u00e4n englanniksi. Ks. <a href=\"https:\/\/temp.kansleri.fi\/pro\/ato-theories\/\">tarkemmat aikataulut<\/a>.<\/p>\n","protected":false},"excerpt":{"rendered":"<p>Lis\u00e4\u00e4ntyneest\u00e4 kysynn\u00e4st\u00e4 johtuen j\u00e4rjest\u00e4mme aiemmin ilmoitettujen l\u00e4hiopetusjaksojen lis\u00e4ksi ylim\u00e4\u00e4r\u00e4isen l\u00e4hiopetusjakson 1 21.-24.3.2016. Oppitunnit pidet\u00e4\u00e4n englanniksi. Ks. tarkemmat aikataulut.<\/p>\n","protected":false},"author":1,"featured_media":0,"comment_status":"closed","ping_status":"closed","sticky":false,"template":"","format":"standard","meta":{"footnotes":""},"categories":[20],"tags":[],"class_list":["post-9700","post","type-post","status-publish","format-standard","hentry","category-uutiset"],"yoast_head":"<!-- This site is optimized with the Yoast SEO plugin v27.1.1 - https:\/\/yoast.com\/product\/yoast-seo-wordpress\/ -->\n<title>Ylim\u00e4\u00e4r\u00e4inen GS 1 maaliskuussa (ATPL\/CPL\/IR) - Aeropole<\/title>\n<meta name=\"robots\" content=\"index, follow, max-snippet:-1, max-image-preview:large, max-video-preview:-1\" \/>\n<link rel=\"canonical\" href=\"https:\/\/temp.kansleri.fi\/fi\/ylimaarainen-gs-1-maaliskuussa-atplcplir\/\" \/>\n<meta property=\"og:locale\" content=\"fi_FI\" \/>\n<meta property=\"og:type\" content=\"article\" \/>\n<meta property=\"og:title\" content=\"Ylim\u00e4\u00e4r\u00e4inen GS 1 maaliskuussa (ATPL\/CPL\/IR) - Aeropole\" \/>\n<meta property=\"og:description\" content=\"Lis\u00e4\u00e4ntyneest\u00e4 kysynn\u00e4st\u00e4 johtuen j\u00e4rjest\u00e4mme aiemmin ilmoitettujen l\u00e4hiopetusjaksojen lis\u00e4ksi ylim\u00e4\u00e4r\u00e4isen l\u00e4hiopetusjakson 1 21.-24.3.2016. Oppitunnit pidet\u00e4\u00e4n englanniksi. Ks. tarkemmat aikataulut.\" \/>\n<meta property=\"og:url\" content=\"https:\/\/temp.kansleri.fi\/fi\/ylimaarainen-gs-1-maaliskuussa-atplcplir\/\" \/>\n<meta property=\"og:site_name\" content=\"Aeropole\" \/>\n<meta property=\"article:published_time\" content=\"2016-03-11T20:49:15+00:00\" \/>\n<meta property=\"article:modified_time\" content=\"2017-04-16T22:24:27+00:00\" \/>\n<meta name=\"author\" content=\"admin\" \/>\n<meta name=\"twitter:card\" content=\"summary_large_image\" \/>\n<meta name=\"twitter:label1\" content=\"Kirjoittanut\" \/>\n\t<meta name=\"twitter:data1\" content=\"admin\" \/>\n<script type=\"application\/ld+json\" class=\"yoast-schema-graph\">{\"@context\":\"https:\/\/schema.org\",\"@graph\":[{\"@type\":\"Article\",\"@id\":\"https:\/\/temp.kansleri.fi\/fi\/ylimaarainen-gs-1-maaliskuussa-atplcplir\/#article\",\"isPartOf\":{\"@id\":\"https:\/\/temp.kansleri.fi\/fi\/ylimaarainen-gs-1-maaliskuussa-atplcplir\/\"},\"author\":{\"name\":\"admin\",\"@id\":\"https:\/\/temp.kansleri.fi\/#\/schema\/person\/72faf126d17cfcc8c60c2e0faf999ac0\"},\"headline\":\"Ylim\u00e4\u00e4r\u00e4inen GS 1 maaliskuussa (ATPL\/CPL\/IR)\",\"datePublished\":\"2016-03-11T20:49:15+00:00\",\"dateModified\":\"2017-04-16T22:24:27+00:00\",\"mainEntityOfPage\":{\"@id\":\"https:\/\/temp.kansleri.fi\/fi\/ylimaarainen-gs-1-maaliskuussa-atplcplir\/\"},\"wordCount\":35,\"articleSection\":[\"Uutiset\"],\"inLanguage\":\"fi\"},{\"@type\":\"WebPage\",\"@id\":\"https:\/\/temp.kansleri.fi\/fi\/ylimaarainen-gs-1-maaliskuussa-atplcplir\/\",\"url\":\"https:\/\/temp.kansleri.fi\/fi\/ylimaarainen-gs-1-maaliskuussa-atplcplir\/\",\"name\":\"Ylim\u00e4\u00e4r\u00e4inen GS 1 maaliskuussa (ATPL\/CPL\/IR) - Aeropole\",\"isPartOf\":{\"@id\":\"https:\/\/temp.kansleri.fi\/#website\"},\"datePublished\":\"2016-03-11T20:49:15+00:00\",\"dateModified\":\"2017-04-16T22:24:27+00:00\",\"author\":{\"@id\":\"https:\/\/temp.kansleri.fi\/#\/schema\/person\/72faf126d17cfcc8c60c2e0faf999ac0\"},\"breadcrumb\":{\"@id\":\"https:\/\/temp.kansleri.fi\/fi\/ylimaarainen-gs-1-maaliskuussa-atplcplir\/#breadcrumb\"},\"inLanguage\":\"fi\",\"potentialAction\":[{\"@type\":\"ReadAction\",\"target\":[\"https:\/\/temp.kansleri.fi\/fi\/ylimaarainen-gs-1-maaliskuussa-atplcplir\/\"]}]},{\"@type\":\"BreadcrumbList\",\"@id\":\"https:\/\/temp.kansleri.fi\/fi\/ylimaarainen-gs-1-maaliskuussa-atplcplir\/#breadcrumb\",\"itemListElement\":[{\"@type\":\"ListItem\",\"position\":1,\"name\":\"Home\",\"item\":\"https:\/\/temp.kansleri.fi\/fi\/\"},{\"@type\":\"ListItem\",\"position\":2,\"name\":\"Ylim\u00e4\u00e4r\u00e4inen GS 1 maaliskuussa (ATPL\/CPL\/IR)\"}]},{\"@type\":\"WebSite\",\"@id\":\"https:\/\/temp.kansleri.fi\/#website\",\"url\":\"https:\/\/temp.kansleri.fi\/\",\"name\":\"Aeropole\",\"description\":\"Aviation Academy, Aircraft Sales and Maintenance\",\"potentialAction\":[{\"@type\":\"SearchAction\",\"target\":{\"@type\":\"EntryPoint\",\"urlTemplate\":\"https:\/\/temp.kansleri.fi\/?s={search_term_string}\"},\"query-input\":{\"@type\":\"PropertyValueSpecification\",\"valueRequired\":true,\"valueName\":\"search_term_string\"}}],\"inLanguage\":\"fi\"},{\"@type\":\"Person\",\"@id\":\"https:\/\/temp.kansleri.fi\/#\/schema\/person\/72faf126d17cfcc8c60c2e0faf999ac0\",\"name\":\"admin\",\"image\":{\"@type\":\"ImageObject\",\"inLanguage\":\"fi\",\"@id\":\"https:\/\/temp.kansleri.fi\/#\/schema\/person\/image\/\",\"url\":\"https:\/\/secure.gravatar.com\/avatar\/69913d593fe9337bd9fbeac2414da28c2e8a4d1cfecd2d9d0cc976858ff9b1c3?s=96&d=mm&r=g\",\"contentUrl\":\"https:\/\/secure.gravatar.com\/avatar\/69913d593fe9337bd9fbeac2414da28c2e8a4d1cfecd2d9d0cc976858ff9b1c3?s=96&d=mm&r=g\",\"caption\":\"admin\"},\"url\":\"https:\/\/temp.kansleri.fi\/fi\/author\/admin\/\"}]}<\/script>\n<!-- \/ Yoast SEO plugin. -->","yoast_head_json":{"title":"Ylim\u00e4\u00e4r\u00e4inen GS 1 maaliskuussa (ATPL\/CPL\/IR) - Aeropole","robots":{"index":"index","follow":"follow","max-snippet":"max-snippet:-1","max-image-preview":"max-image-preview:large","max-video-preview":"max-video-preview:-1"},"canonical":"https:\/\/temp.kansleri.fi\/fi\/ylimaarainen-gs-1-maaliskuussa-atplcplir\/","og_locale":"fi_FI","og_type":"article","og_title":"Ylim\u00e4\u00e4r\u00e4inen GS 1 maaliskuussa (ATPL\/CPL\/IR) - Aeropole","og_description":"Lis\u00e4\u00e4ntyneest\u00e4 kysynn\u00e4st\u00e4 johtuen j\u00e4rjest\u00e4mme aiemmin ilmoitettujen l\u00e4hiopetusjaksojen lis\u00e4ksi ylim\u00e4\u00e4r\u00e4isen l\u00e4hiopetusjakson 1 21.-24.3.2016. Oppitunnit pidet\u00e4\u00e4n englanniksi. Ks. tarkemmat aikataulut.","og_url":"https:\/\/temp.kansleri.fi\/fi\/ylimaarainen-gs-1-maaliskuussa-atplcplir\/","og_site_name":"Aeropole","article_published_time":"2016-03-11T20:49:15+00:00","article_modified_time":"2017-04-16T22:24:27+00:00","author":"admin","twitter_card":"summary_large_image","twitter_misc":{"Kirjoittanut":"admin"},"schema":{"@context":"https:\/\/schema.org","@graph":[{"@type":"Article","@id":"https:\/\/temp.kansleri.fi\/fi\/ylimaarainen-gs-1-maaliskuussa-atplcplir\/#article","isPartOf":{"@id":"https:\/\/temp.kansleri.fi\/fi\/ylimaarainen-gs-1-maaliskuussa-atplcplir\/"},"author":{"name":"admin","@id":"https:\/\/temp.kansleri.fi\/#\/schema\/person\/72faf126d17cfcc8c60c2e0faf999ac0"},"headline":"Ylim\u00e4\u00e4r\u00e4inen GS 1 maaliskuussa (ATPL\/CPL\/IR)","datePublished":"2016-03-11T20:49:15+00:00","dateModified":"2017-04-16T22:24:27+00:00","mainEntityOfPage":{"@id":"https:\/\/temp.kansleri.fi\/fi\/ylimaarainen-gs-1-maaliskuussa-atplcplir\/"},"wordCount":35,"articleSection":["Uutiset"],"inLanguage":"fi"},{"@type":"WebPage","@id":"https:\/\/temp.kansleri.fi\/fi\/ylimaarainen-gs-1-maaliskuussa-atplcplir\/","url":"https:\/\/temp.kansleri.fi\/fi\/ylimaarainen-gs-1-maaliskuussa-atplcplir\/","name":"Ylim\u00e4\u00e4r\u00e4inen GS 1 maaliskuussa (ATPL\/CPL\/IR) - Aeropole","isPartOf":{"@id":"https:\/\/temp.kansleri.fi\/#website"},"datePublished":"2016-03-11T20:49:15+00:00","dateModified":"2017-04-16T22:24:27+00:00","author":{"@id":"https:\/\/temp.kansleri.fi\/#\/schema\/person\/72faf126d17cfcc8c60c2e0faf999ac0"},"breadcrumb":{"@id":"https:\/\/temp.kansleri.fi\/fi\/ylimaarainen-gs-1-maaliskuussa-atplcplir\/#breadcrumb"},"inLanguage":"fi","potentialAction":[{"@type":"ReadAction","target":["https:\/\/temp.kansleri.fi\/fi\/ylimaarainen-gs-1-maaliskuussa-atplcplir\/"]}]},{"@type":"BreadcrumbList","@id":"https:\/\/temp.kansleri.fi\/fi\/ylimaarainen-gs-1-maaliskuussa-atplcplir\/#breadcrumb","itemListElement":[{"@type":"ListItem","position":1,"name":"Home","item":"https:\/\/temp.kansleri.fi\/fi\/"},{"@type":"ListItem","position":2,"name":"Ylim\u00e4\u00e4r\u00e4inen GS 1 maaliskuussa (ATPL\/CPL\/IR)"}]},{"@type":"WebSite","@id":"https:\/\/temp.kansleri.fi\/#website","url":"https:\/\/temp.kansleri.fi\/","name":"Aeropole","description":"Aviation Academy, Aircraft Sales and Maintenance","potentialAction":[{"@type":"SearchAction","target":{"@type":"EntryPoint","urlTemplate":"https:\/\/temp.kansleri.fi\/?s={search_term_string}"},"query-input":{"@type":"PropertyValueSpecification","valueRequired":true,"valueName":"search_term_string"}}],"inLanguage":"fi"},{"@type":"Person","@id":"https:\/\/temp.kansleri.fi\/#\/schema\/person\/72faf126d17cfcc8c60c2e0faf999ac0","name":"admin","image":{"@type":"ImageObject","inLanguage":"fi","@id":"https:\/\/temp.kansleri.fi\/#\/schema\/person\/image\/","url":"https:\/\/secure.gravatar.com\/avatar\/69913d593fe9337bd9fbeac2414da28c2e8a4d1cfecd2d9d0cc976858ff9b1c3?s=96&d=mm&r=g","contentUrl":"https:\/\/secure.gravatar.com\/avatar\/69913d593fe9337bd9fbeac2414da28c2e8a4d1cfecd2d9d0cc976858ff9b1c3?s=96&d=mm&r=g","caption":"admin"},"url":"https:\/\/temp.kansleri.fi\/fi\/author\/admin\/"}]}},"_links":{"self":[{"href":"https:\/\/temp.kansleri.fi\/fi\/wp-json\/wp\/v2\/posts\/9700","targetHints":{"allow":["GET"]}}],"collection":[{"href":"https:\/\/temp.kansleri.fi\/fi\/wp-json\/wp\/v2\/posts"}],"about":[{"href":"https:\/\/temp.kansleri.fi\/fi\/wp-json\/wp\/v2\/types\/post"}],"author":[{"embeddable":true,"href":"https:\/\/temp.kansleri.fi\/fi\/wp-json\/wp\/v2\/users\/1"}],"replies":[{"embeddable":true,"href":"https:\/\/temp.kansleri.fi\/fi\/wp-json\/wp\/v2\/comments?post=9700"}],"version-history":[{"count":1,"href":"https:\/\/temp.kansleri.fi\/fi\/wp-json\/wp\/v2\/posts\/9700\/revisions"}],"predecessor-version":[{"id":11608,"href":"https:\/\/temp.kansleri.fi\/fi\/wp-json\/wp\/v2\/posts\/9700\/revisions\/11608"}],"wp:attachment":[{"href":"https:\/\/temp.kansleri.fi\/fi\/wp-json\/wp\/v2\/media?parent=9700"}],"wp:term":[{"taxonomy":"category","embeddable":true,"href":"https:\/\/temp.kansleri.fi\/fi\/wp-json\/wp\/v2\/categories?post=9700"},{"taxonomy":"post_tag","embeddable":true,"href":"https:\/\/temp.kansleri.fi\/fi\/wp-json\/wp\/v2\/tags?post=9700"}],"curies":[{"name":"wp","href":"https:\/\/api.w.org\/{rel}","templated":true}]}}